{"id":12349,"date":"2022-02-18T19:45:12","date_gmt":"2022-02-18T18:45:12","guid":{"rendered":"https:\/\/www.cpureus.com\/?p=12349"},"modified":"2022-02-18T19:45:12","modified_gmt":"2022-02-18T18:45:12","slug":"no-pagan-plusvalia-municipal-las-trasmisiones-entre-el-26-octubre-2021-y-el-9-noviembre-2021","status":"publish","type":"post","link":"https:\/\/www.cpureus.com\/es\/no-pagan-plusvalia-municipal-las-trasmisiones-entre-el-26-octubre-2021-y-el-9-noviembre-2021\/","title":{"rendered":"No pagan Plusval\u00eda municipal las trasmisiones entre el 26-octubre-2021 y el 9-noviembre-2021."},"content":{"rendered":"<p><span style=\"color: #800000\"><strong><span style=\"font-family: helvetica, arial, sans-serif;font-size: 18pt\">Como consecuencia de la Sentencia del Tribunal Constitucional de 26 de octubre de 2021.<\/span><\/strong><\/span><\/p>\n<hr \/>\n<p><span style=\"font-family: helvetica, arial, sans-serif;color: #000000;font-size: 12pt\">As\u00ed lo establece la Direcci\u00f3n General de Tributos.<\/span><\/p>\n<hr \/>\n<p><span style=\"font-family: helvetica, arial, sans-serif;color: #000000;font-size: 12pt\">La declaraci\u00f3n de inconstitucionalidad de los art\u00edculos 107.1, 2\u00ba; 107.2.a) y 107.4 de la Ley de Haciendas Locales, ha supuesto en vac\u00edo legal que impide que se pueda determinar la base imponible y por tanto no se puede liquidar, ni comprobar ni recaudar la Plusval\u00eda municipal hasta la entrada en vigor de la nueva normativa.<\/span><\/p>\n<p><span style=\"font-family: helvetica, arial, sans-serif;color: #000000;font-size: 12pt\">La nueva normativa se public\u00f3 en el BOE de 9 de noviembre de 2021 (R.D-Ley 26\/2021, de 8 de noviembre). Por tanto, para las transmisiones realizadas <strong>desde la Sentencia del TC (26-octubre-2021) hasta la nueva normativa (9-noviembre-2021)<\/strong>, debe presentarse la declaraci\u00f3n del impuesto puesto que el hecho imponible se ha efectuado, pero el contribuyente <strong>no est\u00e1 obligado al pago<\/strong>.<\/span><\/p>\n<hr \/>\n<p><span style=\"font-family: helvetica, arial, sans-serif;color: #000000;font-size: 12pt\">Es una informaci\u00f3n elaborada por los Servicios de<a href=\"https:\/\/www.cpureus.com\/es\/asesoria-y-gestion-fiscal\/?lang=es\" target=\"_blank\" rel=\"noopener\"> <span style=\"color: #0000ff\">Asesor\u00eda y Gesti\u00f3n fiscal<\/span> <\/a>de la C\u00e1mara de la Propiedad Urbana de Reus.<\/span><\/p>\n<p><span style=\"font-family: helvetica, arial, sans-serif;color: #000000;font-size: 12pt\">En este enlace puedes acceder a la <a href=\"https:\/\/petete.tributos.hacienda.gob.es\/consultas\/?num_consulta=V3074-21\" target=\"_blank\" rel=\"noopener\"><span style=\"color: #0000ff\">Consulta Vinculante de la Direcci\u00f3n General de Tributos V3074-21.<\/span><\/a><\/span><\/p>\n<hr \/>\n<p><span style=\"font-family: helvetica, arial, sans-serif;color: #000000;font-size: 8pt\">Fuente: Ministerio de Hacienda. Direcci\u00f3n General de Tributos. Consulta Vinculante V3074-21, de 7 de Diciembre de 2021.<\/span><\/p>\n","protected":false},"excerpt":{"rendered":"<p>Como consecuencia de la Sentencia del Tribunal Constitucional de 26 de octubre de 2021. As\u00ed lo establece la Direcci\u00f3n General de Tributos. La declaraci\u00f3n de inconstitucionalidad de los art\u00edculos 107.1, 2\u00ba; 107.2.a) y 107.4 de la Ley de Haciendas Locales, ha supuesto en vac\u00edo legal que impide que se pueda determinar la base imponible y [&hellip;]<\/p>\n","protected":false},"author":889,"featured_media":12350,"comment_status":"closed","ping_status":"closed","sticky":false,"template":"","format":"standard","meta":{"_et_pb_use_builder":"","_et_pb_old_content":"","_et_gb_content_width":"","_joinchat":[],"footnotes":""},"categories":[89],"tags":[],"class_list":["post-12349","post","type-post","status-publish","format-standard","has-post-thumbnail","hentry","category-fiscal-es"],"yoast_head":"<!-- This site is optimized with the Yoast SEO plugin v27.1.1 - https:\/\/yoast.com\/product\/yoast-seo-wordpress\/ -->\n<title>No pagan Plusval\u00eda municipal las trasmisiones entre el 26-octubre-2021 y el 9-noviembre-2021. - Cambra de la propietat urbana de Reus<\/title>\n<meta name=\"robots\" content=\"index, follow, max-snippet:-1, max-image-preview:large, max-video-preview:-1\" \/>\n<link rel=\"canonical\" href=\"https:\/\/www.cpureus.com\/es\/no-pagan-plusvalia-municipal-las-trasmisiones-entre-el-26-octubre-2021-y-el-9-noviembre-2021\/\" \/>\n<meta property=\"og:locale\" content=\"es_ES\" \/>\n<meta property=\"og:type\" content=\"article\" \/>\n<meta property=\"og:title\" content=\"No pagan Plusval\u00eda municipal las trasmisiones entre el 26-octubre-2021 y el 9-noviembre-2021. - Cambra de la propietat urbana de Reus\" \/>\n<meta property=\"og:description\" content=\"Como consecuencia de la Sentencia del Tribunal Constitucional de 26 de octubre de 2021. As\u00ed lo establece la Direcci\u00f3n General de Tributos. La declaraci\u00f3n de inconstitucionalidad de los art\u00edculos 107.1, 2\u00ba; 107.2.a) y 107.4 de la Ley de Haciendas Locales, ha supuesto en vac\u00edo legal que impide que se pueda determinar la base imponible y [&hellip;]\" \/>\n<meta property=\"og:url\" content=\"https:\/\/www.cpureus.com\/es\/no-pagan-plusvalia-municipal-las-trasmisiones-entre-el-26-octubre-2021-y-el-9-noviembre-2021\/\" \/>\n<meta property=\"og:site_name\" content=\"Cambra de la propietat urbana de Reus\" \/>\n<meta property=\"article:published_time\" content=\"2022-02-18T18:45:12+00:00\" \/>\n<meta property=\"og:image\" content=\"https:\/\/www.cpureus.com\/wp-content\/uploads\/2022\/02\/No-pago-PlusValia-municipal-3.jpg\" \/>\n\t<meta property=\"og:image:width\" content=\"800\" \/>\n\t<meta property=\"og:image:height\" content=\"600\" \/>\n\t<meta property=\"og:image:type\" content=\"image\/jpeg\" \/>\n<meta name=\"author\" content=\"Cambra de la propietat urbana de Reus\" \/>\n<meta name=\"twitter:card\" content=\"summary_large_image\" \/>\n<meta name=\"twitter:label1\" content=\"Escrito por\" \/>\n\t<meta name=\"twitter:data1\" content=\"Cambra de la propietat urbana de Reus\" \/>\n\t<meta name=\"twitter:label2\" content=\"Tiempo de lectura\" \/>\n\t<meta name=\"twitter:data2\" content=\"1 minuto\" \/>\n<script type=\"application\/ld+json\" class=\"yoast-schema-graph\">{\"@context\":\"https:\/\/schema.org\",\"@graph\":[{\"@type\":\"Article\",\"@id\":\"https:\/\/www.cpureus.com\/es\/no-pagan-plusvalia-municipal-las-trasmisiones-entre-el-26-octubre-2021-y-el-9-noviembre-2021\/#article\",\"isPartOf\":{\"@id\":\"https:\/\/www.cpureus.com\/es\/no-pagan-plusvalia-municipal-las-trasmisiones-entre-el-26-octubre-2021-y-el-9-noviembre-2021\/\"},\"author\":{\"name\":\"Cambra de la propietat urbana de Reus\",\"@id\":\"https:\/\/www.cpureus.com\/#\/schema\/person\/df72106c9fc5fd93275bdda9a5f0832d\"},\"headline\":\"No pagan Plusval\u00eda municipal las trasmisiones entre el 26-octubre-2021 y el 9-noviembre-2021.\",\"datePublished\":\"2022-02-18T18:45:12+00:00\",\"mainEntityOfPage\":{\"@id\":\"https:\/\/www.cpureus.com\/es\/no-pagan-plusvalia-municipal-las-trasmisiones-entre-el-26-octubre-2021-y-el-9-noviembre-2021\/\"},\"wordCount\":207,\"image\":{\"@id\":\"https:\/\/www.cpureus.com\/es\/no-pagan-plusvalia-municipal-las-trasmisiones-entre-el-26-octubre-2021-y-el-9-noviembre-2021\/#primaryimage\"},\"thumbnailUrl\":\"https:\/\/www.cpureus.com\/wp-content\/uploads\/2022\/02\/No-pago-PlusValia-municipal-3.jpg\",\"articleSection\":[\"Fiscal\"],\"inLanguage\":\"es\"},{\"@type\":\"WebPage\",\"@id\":\"https:\/\/www.cpureus.com\/es\/no-pagan-plusvalia-municipal-las-trasmisiones-entre-el-26-octubre-2021-y-el-9-noviembre-2021\/\",\"url\":\"https:\/\/www.cpureus.com\/es\/no-pagan-plusvalia-municipal-las-trasmisiones-entre-el-26-octubre-2021-y-el-9-noviembre-2021\/\",\"name\":\"No pagan Plusval\u00eda municipal las trasmisiones entre el 26-octubre-2021 y el 9-noviembre-2021. - Cambra de la propietat urbana de Reus\",\"isPartOf\":{\"@id\":\"https:\/\/www.cpureus.com\/#website\"},\"primaryImageOfPage\":{\"@id\":\"https:\/\/www.cpureus.com\/es\/no-pagan-plusvalia-municipal-las-trasmisiones-entre-el-26-octubre-2021-y-el-9-noviembre-2021\/#primaryimage\"},\"image\":{\"@id\":\"https:\/\/www.cpureus.com\/es\/no-pagan-plusvalia-municipal-las-trasmisiones-entre-el-26-octubre-2021-y-el-9-noviembre-2021\/#primaryimage\"},\"thumbnailUrl\":\"https:\/\/www.cpureus.com\/wp-content\/uploads\/2022\/02\/No-pago-PlusValia-municipal-3.jpg\",\"datePublished\":\"2022-02-18T18:45:12+00:00\",\"author\":{\"@id\":\"https:\/\/www.cpureus.com\/#\/schema\/person\/df72106c9fc5fd93275bdda9a5f0832d\"},\"breadcrumb\":{\"@id\":\"https:\/\/www.cpureus.com\/es\/no-pagan-plusvalia-municipal-las-trasmisiones-entre-el-26-octubre-2021-y-el-9-noviembre-2021\/#breadcrumb\"},\"inLanguage\":\"es\",\"potentialAction\":[{\"@type\":\"ReadAction\",\"target\":[\"https:\/\/www.cpureus.com\/es\/no-pagan-plusvalia-municipal-las-trasmisiones-entre-el-26-octubre-2021-y-el-9-noviembre-2021\/\"]}]},{\"@type\":\"ImageObject\",\"inLanguage\":\"es\",\"@id\":\"https:\/\/www.cpureus.com\/es\/no-pagan-plusvalia-municipal-las-trasmisiones-entre-el-26-octubre-2021-y-el-9-noviembre-2021\/#primaryimage\",\"url\":\"https:\/\/www.cpureus.com\/wp-content\/uploads\/2022\/02\/No-pago-PlusValia-municipal-3.jpg\",\"contentUrl\":\"https:\/\/www.cpureus.com\/wp-content\/uploads\/2022\/02\/No-pago-PlusValia-municipal-3.jpg\",\"width\":800,\"height\":600,\"caption\":\"no pago plusval\u00eda municipal\"},{\"@type\":\"BreadcrumbList\",\"@id\":\"https:\/\/www.cpureus.com\/es\/no-pagan-plusvalia-municipal-las-trasmisiones-entre-el-26-octubre-2021-y-el-9-noviembre-2021\/#breadcrumb\",\"itemListElement\":[{\"@type\":\"ListItem\",\"position\":1,\"name\":\"Inici\",\"item\":\"https:\/\/www.cpureus.com\/es\/\"},{\"@type\":\"ListItem\",\"position\":2,\"name\":\"No pagan Plusval\u00eda municipal las trasmisiones entre el 26-octubre-2021 y el 9-noviembre-2021.\"}]},{\"@type\":\"WebSite\",\"@id\":\"https:\/\/www.cpureus.com\/#website\",\"url\":\"https:\/\/www.cpureus.com\/\",\"name\":\"Cambra de la propietat urbana de Reus\",\"description\":\"Cambra de la propietat urbana de Reus\",\"potentialAction\":[{\"@type\":\"SearchAction\",\"target\":{\"@type\":\"EntryPoint\",\"urlTemplate\":\"https:\/\/www.cpureus.com\/?s={search_term_string}\"},\"query-input\":{\"@type\":\"PropertyValueSpecification\",\"valueRequired\":true,\"valueName\":\"search_term_string\"}}],\"inLanguage\":\"es\"},{\"@type\":\"Person\",\"@id\":\"https:\/\/www.cpureus.com\/#\/schema\/person\/df72106c9fc5fd93275bdda9a5f0832d\",\"name\":\"Cambra de la propietat urbana de Reus\",\"sameAs\":[\"https:\/\/www.cpureus.com\"],\"url\":\"https:\/\/www.cpureus.com\/es\/author\/cpurafael\/\"}]}<\/script>\n<!-- \/ Yoast SEO plugin. -->","yoast_head_json":{"title":"No pagan Plusval\u00eda municipal las trasmisiones entre el 26-octubre-2021 y el 9-noviembre-2021. - Cambra de la propietat urbana de Reus","robots":{"index":"index","follow":"follow","max-snippet":"max-snippet:-1","max-image-preview":"max-image-preview:large","max-video-preview":"max-video-preview:-1"},"canonical":"https:\/\/www.cpureus.com\/es\/no-pagan-plusvalia-municipal-las-trasmisiones-entre-el-26-octubre-2021-y-el-9-noviembre-2021\/","og_locale":"es_ES","og_type":"article","og_title":"No pagan Plusval\u00eda municipal las trasmisiones entre el 26-octubre-2021 y el 9-noviembre-2021. - Cambra de la propietat urbana de Reus","og_description":"Como consecuencia de la Sentencia del Tribunal Constitucional de 26 de octubre de 2021. As\u00ed lo establece la Direcci\u00f3n General de Tributos. La declaraci\u00f3n de inconstitucionalidad de los art\u00edculos 107.1, 2\u00ba; 107.2.a) y 107.4 de la Ley de Haciendas Locales, ha supuesto en vac\u00edo legal que impide que se pueda determinar la base imponible y [&hellip;]","og_url":"https:\/\/www.cpureus.com\/es\/no-pagan-plusvalia-municipal-las-trasmisiones-entre-el-26-octubre-2021-y-el-9-noviembre-2021\/","og_site_name":"Cambra de la propietat urbana de Reus","article_published_time":"2022-02-18T18:45:12+00:00","og_image":[{"width":800,"height":600,"url":"https:\/\/www.cpureus.com\/wp-content\/uploads\/2022\/02\/No-pago-PlusValia-municipal-3.jpg","type":"image\/jpeg"}],"author":"Cambra de la propietat urbana de Reus","twitter_card":"summary_large_image","twitter_misc":{"Escrito por":"Cambra de la propietat urbana de Reus","Tiempo de lectura":"1 minuto"},"schema":{"@context":"https:\/\/schema.org","@graph":[{"@type":"Article","@id":"https:\/\/www.cpureus.com\/es\/no-pagan-plusvalia-municipal-las-trasmisiones-entre-el-26-octubre-2021-y-el-9-noviembre-2021\/#article","isPartOf":{"@id":"https:\/\/www.cpureus.com\/es\/no-pagan-plusvalia-municipal-las-trasmisiones-entre-el-26-octubre-2021-y-el-9-noviembre-2021\/"},"author":{"name":"Cambra de la propietat urbana de Reus","@id":"https:\/\/www.cpureus.com\/#\/schema\/person\/df72106c9fc5fd93275bdda9a5f0832d"},"headline":"No pagan Plusval\u00eda municipal las trasmisiones entre el 26-octubre-2021 y el 9-noviembre-2021.","datePublished":"2022-02-18T18:45:12+00:00","mainEntityOfPage":{"@id":"https:\/\/www.cpureus.com\/es\/no-pagan-plusvalia-municipal-las-trasmisiones-entre-el-26-octubre-2021-y-el-9-noviembre-2021\/"},"wordCount":207,"image":{"@id":"https:\/\/www.cpureus.com\/es\/no-pagan-plusvalia-municipal-las-trasmisiones-entre-el-26-octubre-2021-y-el-9-noviembre-2021\/#primaryimage"},"thumbnailUrl":"https:\/\/www.cpureus.com\/wp-content\/uploads\/2022\/02\/No-pago-PlusValia-municipal-3.jpg","articleSection":["Fiscal"],"inLanguage":"es"},{"@type":"WebPage","@id":"https:\/\/www.cpureus.com\/es\/no-pagan-plusvalia-municipal-las-trasmisiones-entre-el-26-octubre-2021-y-el-9-noviembre-2021\/","url":"https:\/\/www.cpureus.com\/es\/no-pagan-plusvalia-municipal-las-trasmisiones-entre-el-26-octubre-2021-y-el-9-noviembre-2021\/","name":"No pagan Plusval\u00eda municipal las trasmisiones entre el 26-octubre-2021 y el 9-noviembre-2021. - Cambra de la propietat urbana de Reus","isPartOf":{"@id":"https:\/\/www.cpureus.com\/#website"},"primaryImageOfPage":{"@id":"https:\/\/www.cpureus.com\/es\/no-pagan-plusvalia-municipal-las-trasmisiones-entre-el-26-octubre-2021-y-el-9-noviembre-2021\/#primaryimage"},"image":{"@id":"https:\/\/www.cpureus.com\/es\/no-pagan-plusvalia-municipal-las-trasmisiones-entre-el-26-octubre-2021-y-el-9-noviembre-2021\/#primaryimage"},"thumbnailUrl":"https:\/\/www.cpureus.com\/wp-content\/uploads\/2022\/02\/No-pago-PlusValia-municipal-3.jpg","datePublished":"2022-02-18T18:45:12+00:00","author":{"@id":"https:\/\/www.cpureus.com\/#\/schema\/person\/df72106c9fc5fd93275bdda9a5f0832d"},"breadcrumb":{"@id":"https:\/\/www.cpureus.com\/es\/no-pagan-plusvalia-municipal-las-trasmisiones-entre-el-26-octubre-2021-y-el-9-noviembre-2021\/#breadcrumb"},"inLanguage":"es","potentialAction":[{"@type":"ReadAction","target":["https:\/\/www.cpureus.com\/es\/no-pagan-plusvalia-municipal-las-trasmisiones-entre-el-26-octubre-2021-y-el-9-noviembre-2021\/"]}]},{"@type":"ImageObject","inLanguage":"es","@id":"https:\/\/www.cpureus.com\/es\/no-pagan-plusvalia-municipal-las-trasmisiones-entre-el-26-octubre-2021-y-el-9-noviembre-2021\/#primaryimage","url":"https:\/\/www.cpureus.com\/wp-content\/uploads\/2022\/02\/No-pago-PlusValia-municipal-3.jpg","contentUrl":"https:\/\/www.cpureus.com\/wp-content\/uploads\/2022\/02\/No-pago-PlusValia-municipal-3.jpg","width":800,"height":600,"caption":"no pago plusval\u00eda municipal"},{"@type":"BreadcrumbList","@id":"https:\/\/www.cpureus.com\/es\/no-pagan-plusvalia-municipal-las-trasmisiones-entre-el-26-octubre-2021-y-el-9-noviembre-2021\/#breadcrumb","itemListElement":[{"@type":"ListItem","position":1,"name":"Inici","item":"https:\/\/www.cpureus.com\/es\/"},{"@type":"ListItem","position":2,"name":"No pagan Plusval\u00eda municipal las trasmisiones entre el 26-octubre-2021 y el 9-noviembre-2021."}]},{"@type":"WebSite","@id":"https:\/\/www.cpureus.com\/#website","url":"https:\/\/www.cpureus.com\/","name":"Cambra de la propietat urbana de Reus","description":"Cambra de la propietat urbana de Reus","potentialAction":[{"@type":"SearchAction","target":{"@type":"EntryPoint","urlTemplate":"https:\/\/www.cpureus.com\/?s={search_term_string}"},"query-input":{"@type":"PropertyValueSpecification","valueRequired":true,"valueName":"search_term_string"}}],"inLanguage":"es"},{"@type":"Person","@id":"https:\/\/www.cpureus.com\/#\/schema\/person\/df72106c9fc5fd93275bdda9a5f0832d","name":"Cambra de la propietat urbana de Reus","sameAs":["https:\/\/www.cpureus.com"],"url":"https:\/\/www.cpureus.com\/es\/author\/cpurafael\/"}]}},"_links":{"self":[{"href":"https:\/\/www.cpureus.com\/es\/wp-json\/wp\/v2\/posts\/12349","targetHints":{"allow":["GET"]}}],"collection":[{"href":"https:\/\/www.cpureus.com\/es\/wp-json\/wp\/v2\/posts"}],"about":[{"href":"https:\/\/www.cpureus.com\/es\/wp-json\/wp\/v2\/types\/post"}],"author":[{"embeddable":true,"href":"https:\/\/www.cpureus.com\/es\/wp-json\/wp\/v2\/users\/889"}],"replies":[{"embeddable":true,"href":"https:\/\/www.cpureus.com\/es\/wp-json\/wp\/v2\/comments?post=12349"}],"version-history":[{"count":2,"href":"https:\/\/www.cpureus.com\/es\/wp-json\/wp\/v2\/posts\/12349\/revisions"}],"predecessor-version":[{"id":12353,"href":"https:\/\/www.cpureus.com\/es\/wp-json\/wp\/v2\/posts\/12349\/revisions\/12353"}],"wp:featuredmedia":[{"embeddable":true,"href":"https:\/\/www.cpureus.com\/es\/wp-json\/wp\/v2\/media\/12350"}],"wp:attachment":[{"href":"https:\/\/www.cpureus.com\/es\/wp-json\/wp\/v2\/media?parent=12349"}],"wp:term":[{"taxonomy":"category","embeddable":true,"href":"https:\/\/www.cpureus.com\/es\/wp-json\/wp\/v2\/categories?post=12349"},{"taxonomy":"post_tag","embeddable":true,"href":"https:\/\/www.cpureus.com\/es\/wp-json\/wp\/v2\/tags?post=12349"}],"curies":[{"name":"wp","href":"https:\/\/api.w.org\/{rel}","templated":true}]}}