{"id":14225,"date":"2024-06-26T10:34:24","date_gmt":"2024-06-26T08:34:24","guid":{"rendered":"https:\/\/www.cpureus.com\/?p=14225"},"modified":"2024-06-26T10:34:54","modified_gmt":"2024-06-26T08:34:54","slug":"subvencion-diputacion-de-tarragona","status":"publish","type":"post","link":"https:\/\/www.cpureus.com\/es\/subvencion-diputacion-de-tarragona\/","title":{"rendered":"Subvenci\u00f3n Diputaci\u00f3n de Tarragona"},"content":{"rendered":"<h1><span style=\"font-family: helvetica, arial, sans-serif;color: #800000\">Lluis Dom\u00e8nech i Montaner a Reus. Tres mirades.<\/span><\/h1>\n<hr \/>\n<p><span style=\"font-family: helvetica, arial, sans-serif;font-size: 14pt;color: #000000\">La C\u00e1mara se acoge a la l\u00ednea de <strong>subvenciones de la Diputaci\u00f3n de Tarragona<\/strong> para actividades culturales o de inter\u00e9s ciudadano de car\u00e1cter singular realizadas en la demarcaci\u00f3n de Tarragona.<\/span><\/p>\n<p><span style=\"font-family: helvetica, arial, sans-serif;font-size: 14pt;color: #000000\">Esta l\u00ednea de subvenciones de la Diputaci\u00f3n de Tarragona va destinada a personas jur\u00eddicas privadas sin af\u00e1n de lucro que hayan realizado actividades y <strong>actuaciones culturales o de inter\u00e9s ciudadano <\/strong>en la demarcaci\u00f3n de Tarragona dentro del per\u00edodo comprendido entre septiembre de 2023 y septiembre de 2024.<\/span><\/p>\n<hr \/>\n<p><span style=\"font-family: helvetica, arial, sans-serif;font-size: 14pt;color: #000000\">En el a\u00f1o 2023 la C\u00e1mara de la Propiedad Urbana de Reus, public\u00f3 el libro <strong><em>Lluis Dom\u00e8nech i Montaner a Reus. Tres mirades<\/em><\/strong>, adhiri\u00e9ndose a los actos de commemoraci\u00f3n del centenario Any Dom\u00e8nech i Montaner auspiciado por la Generalitat de Catalunya.<\/span><\/p>\n<p><span style=\"font-size: 14pt;font-family: helvetica, arial, sans-serif;color: #000000\">Este libro recoge las obras proyectadas por el arquitecto modernista en la ciudad de Reus, m\u00e1s dos proyectos que no se ejecutaron, bajo la mirada in\u00e9dita de tres autoras locales, con acuarelas de Teresa Llorach; textos hist\u00f3ricos de Carme Puyol y textos literarios de Lena Pa\u00fcls.<\/span><\/p>\n<hr \/>\n<p>&nbsp;<\/p>\n","protected":false},"excerpt":{"rendered":"<p>Lluis Dom\u00e8nech i Montaner a Reus. Tres mirades. La C\u00e1mara se acoge a la l\u00ednea de subvenciones de la Diputaci\u00f3n de Tarragona para actividades culturales o de inter\u00e9s ciudadano de car\u00e1cter singular realizadas en la demarcaci\u00f3n de Tarragona. Esta l\u00ednea de subvenciones de la Diputaci\u00f3n de Tarragona va destinada a personas jur\u00eddicas privadas sin af\u00e1n [&hellip;]<\/p>\n","protected":false},"author":889,"featured_media":14226,"comment_status":"closed","ping_status":"closed","sticky":false,"template":"","format":"standard","meta":{"_et_pb_use_builder":"","_et_pb_old_content":"","_et_gb_content_width":"","_joinchat":[],"footnotes":""},"categories":[87],"tags":[],"class_list":["post-14225","post","type-post","status-publish","format-standard","has-post-thumbnail","hentry","category-camara-de-la-propiedad-urbana-de-reus-es"],"yoast_head":"<!-- This site is optimized with the Yoast SEO plugin v27.1.1 - https:\/\/yoast.com\/product\/yoast-seo-wordpress\/ -->\n<title>Subvenci\u00f3n Diputaci\u00f3n de Tarragona - Cambra de la propietat urbana de Reus<\/title>\n<meta name=\"robots\" content=\"index, follow, max-snippet:-1, max-image-preview:large, max-video-preview:-1\" \/>\n<link rel=\"canonical\" href=\"https:\/\/www.cpureus.com\/es\/subvencion-diputacion-de-tarragona\/\" \/>\n<meta property=\"og:locale\" content=\"es_ES\" \/>\n<meta property=\"og:type\" content=\"article\" \/>\n<meta property=\"og:title\" content=\"Subvenci\u00f3n Diputaci\u00f3n de Tarragona - Cambra de la propietat urbana de Reus\" \/>\n<meta property=\"og:description\" content=\"Lluis Dom\u00e8nech i Montaner a Reus. Tres mirades. La C\u00e1mara se acoge a la l\u00ednea de subvenciones de la Diputaci\u00f3n de Tarragona para actividades culturales o de inter\u00e9s ciudadano de car\u00e1cter singular realizadas en la demarcaci\u00f3n de Tarragona. Esta l\u00ednea de subvenciones de la Diputaci\u00f3n de Tarragona va destinada a personas jur\u00eddicas privadas sin af\u00e1n [&hellip;]\" \/>\n<meta property=\"og:url\" content=\"https:\/\/www.cpureus.com\/es\/subvencion-diputacion-de-tarragona\/\" \/>\n<meta property=\"og:site_name\" content=\"Cambra de la propietat urbana de Reus\" \/>\n<meta property=\"article:published_time\" content=\"2024-06-26T08:34:24+00:00\" \/>\n<meta property=\"article:modified_time\" content=\"2024-06-26T08:34:54+00:00\" \/>\n<meta property=\"og:image\" content=\"https:\/\/www.cpureus.com\/wp-content\/uploads\/2024\/06\/Portada-llibre-Domenech-i-Montaner-1.jpg\" \/>\n\t<meta property=\"og:image:width\" content=\"800\" \/>\n\t<meta property=\"og:image:height\" content=\"600\" \/>\n\t<meta property=\"og:image:type\" content=\"image\/jpeg\" \/>\n<meta name=\"author\" content=\"Cambra de la propietat urbana de Reus\" \/>\n<meta name=\"twitter:card\" content=\"summary_large_image\" \/>\n<meta name=\"twitter:label1\" content=\"Escrito por\" \/>\n\t<meta name=\"twitter:data1\" content=\"Cambra de la propietat urbana de Reus\" \/>\n\t<meta name=\"twitter:label2\" content=\"Tiempo de lectura\" \/>\n\t<meta name=\"twitter:data2\" content=\"1 minuto\" \/>\n<script type=\"application\/ld+json\" class=\"yoast-schema-graph\">{\"@context\":\"https:\/\/schema.org\",\"@graph\":[{\"@type\":\"Article\",\"@id\":\"https:\/\/www.cpureus.com\/es\/subvencion-diputacion-de-tarragona\/#article\",\"isPartOf\":{\"@id\":\"https:\/\/www.cpureus.com\/es\/subvencion-diputacion-de-tarragona\/\"},\"author\":{\"name\":\"Cambra de la propietat urbana de Reus\",\"@id\":\"https:\/\/www.cpureus.com\/#\/schema\/person\/df72106c9fc5fd93275bdda9a5f0832d\"},\"headline\":\"Subvenci\u00f3n Diputaci\u00f3n de Tarragona\",\"datePublished\":\"2024-06-26T08:34:24+00:00\",\"dateModified\":\"2024-06-26T08:34:54+00:00\",\"mainEntityOfPage\":{\"@id\":\"https:\/\/www.cpureus.com\/es\/subvencion-diputacion-de-tarragona\/\"},\"wordCount\":200,\"image\":{\"@id\":\"https:\/\/www.cpureus.com\/es\/subvencion-diputacion-de-tarragona\/#primaryimage\"},\"thumbnailUrl\":\"https:\/\/www.cpureus.com\/wp-content\/uploads\/2024\/06\/Portada-llibre-Domenech-i-Montaner-1.jpg\",\"articleSection\":[\"C\u00e1mara de la propiedad urbana de Reus\"],\"inLanguage\":\"es\"},{\"@type\":\"WebPage\",\"@id\":\"https:\/\/www.cpureus.com\/es\/subvencion-diputacion-de-tarragona\/\",\"url\":\"https:\/\/www.cpureus.com\/es\/subvencion-diputacion-de-tarragona\/\",\"name\":\"Subvenci\u00f3n Diputaci\u00f3n de Tarragona - Cambra de la propietat urbana de Reus\",\"isPartOf\":{\"@id\":\"https:\/\/www.cpureus.com\/#website\"},\"primaryImageOfPage\":{\"@id\":\"https:\/\/www.cpureus.com\/es\/subvencion-diputacion-de-tarragona\/#primaryimage\"},\"image\":{\"@id\":\"https:\/\/www.cpureus.com\/es\/subvencion-diputacion-de-tarragona\/#primaryimage\"},\"thumbnailUrl\":\"https:\/\/www.cpureus.com\/wp-content\/uploads\/2024\/06\/Portada-llibre-Domenech-i-Montaner-1.jpg\",\"datePublished\":\"2024-06-26T08:34:24+00:00\",\"dateModified\":\"2024-06-26T08:34:54+00:00\",\"author\":{\"@id\":\"https:\/\/www.cpureus.com\/#\/schema\/person\/df72106c9fc5fd93275bdda9a5f0832d\"},\"breadcrumb\":{\"@id\":\"https:\/\/www.cpureus.com\/es\/subvencion-diputacion-de-tarragona\/#breadcrumb\"},\"inLanguage\":\"es\",\"potentialAction\":[{\"@type\":\"ReadAction\",\"target\":[\"https:\/\/www.cpureus.com\/es\/subvencion-diputacion-de-tarragona\/\"]}]},{\"@type\":\"ImageObject\",\"inLanguage\":\"es\",\"@id\":\"https:\/\/www.cpureus.com\/es\/subvencion-diputacion-de-tarragona\/#primaryimage\",\"url\":\"https:\/\/www.cpureus.com\/wp-content\/uploads\/2024\/06\/Portada-llibre-Domenech-i-Montaner-1.jpg\",\"contentUrl\":\"https:\/\/www.cpureus.com\/wp-content\/uploads\/2024\/06\/Portada-llibre-Domenech-i-Montaner-1.jpg\",\"width\":800,\"height\":600,\"caption\":\"Subvencion Diputaci\u00f3n Tarragona. libro Lluis Domenech i Montaner a Reus\"},{\"@type\":\"BreadcrumbList\",\"@id\":\"https:\/\/www.cpureus.com\/es\/subvencion-diputacion-de-tarragona\/#breadcrumb\",\"itemListElement\":[{\"@type\":\"ListItem\",\"position\":1,\"name\":\"Inici\",\"item\":\"https:\/\/www.cpureus.com\/es\/\"},{\"@type\":\"ListItem\",\"position\":2,\"name\":\"Subvenci\u00f3n Diputaci\u00f3n de Tarragona\"}]},{\"@type\":\"WebSite\",\"@id\":\"https:\/\/www.cpureus.com\/#website\",\"url\":\"https:\/\/www.cpureus.com\/\",\"name\":\"Cambra de la propietat urbana de Reus\",\"description\":\"Cambra de la propietat urbana de Reus\",\"potentialAction\":[{\"@type\":\"SearchAction\",\"target\":{\"@type\":\"EntryPoint\",\"urlTemplate\":\"https:\/\/www.cpureus.com\/?s={search_term_string}\"},\"query-input\":{\"@type\":\"PropertyValueSpecification\",\"valueRequired\":true,\"valueName\":\"search_term_string\"}}],\"inLanguage\":\"es\"},{\"@type\":\"Person\",\"@id\":\"https:\/\/www.cpureus.com\/#\/schema\/person\/df72106c9fc5fd93275bdda9a5f0832d\",\"name\":\"Cambra de la propietat urbana de Reus\",\"sameAs\":[\"https:\/\/www.cpureus.com\"],\"url\":\"https:\/\/www.cpureus.com\/es\/author\/cpurafael\/\"}]}<\/script>\n<!-- \/ Yoast SEO plugin. -->","yoast_head_json":{"title":"Subvenci\u00f3n Diputaci\u00f3n de Tarragona - Cambra de la propietat urbana de Reus","robots":{"index":"index","follow":"follow","max-snippet":"max-snippet:-1","max-image-preview":"max-image-preview:large","max-video-preview":"max-video-preview:-1"},"canonical":"https:\/\/www.cpureus.com\/es\/subvencion-diputacion-de-tarragona\/","og_locale":"es_ES","og_type":"article","og_title":"Subvenci\u00f3n Diputaci\u00f3n de Tarragona - Cambra de la propietat urbana de Reus","og_description":"Lluis Dom\u00e8nech i Montaner a Reus. Tres mirades. La C\u00e1mara se acoge a la l\u00ednea de subvenciones de la Diputaci\u00f3n de Tarragona para actividades culturales o de inter\u00e9s ciudadano de car\u00e1cter singular realizadas en la demarcaci\u00f3n de Tarragona. Esta l\u00ednea de subvenciones de la Diputaci\u00f3n de Tarragona va destinada a personas jur\u00eddicas privadas sin af\u00e1n [&hellip;]","og_url":"https:\/\/www.cpureus.com\/es\/subvencion-diputacion-de-tarragona\/","og_site_name":"Cambra de la propietat urbana de Reus","article_published_time":"2024-06-26T08:34:24+00:00","article_modified_time":"2024-06-26T08:34:54+00:00","og_image":[{"width":800,"height":600,"url":"https:\/\/www.cpureus.com\/wp-content\/uploads\/2024\/06\/Portada-llibre-Domenech-i-Montaner-1.jpg","type":"image\/jpeg"}],"author":"Cambra de la propietat urbana de Reus","twitter_card":"summary_large_image","twitter_misc":{"Escrito por":"Cambra de la propietat urbana de Reus","Tiempo de lectura":"1 minuto"},"schema":{"@context":"https:\/\/schema.org","@graph":[{"@type":"Article","@id":"https:\/\/www.cpureus.com\/es\/subvencion-diputacion-de-tarragona\/#article","isPartOf":{"@id":"https:\/\/www.cpureus.com\/es\/subvencion-diputacion-de-tarragona\/"},"author":{"name":"Cambra de la propietat urbana de Reus","@id":"https:\/\/www.cpureus.com\/#\/schema\/person\/df72106c9fc5fd93275bdda9a5f0832d"},"headline":"Subvenci\u00f3n Diputaci\u00f3n de Tarragona","datePublished":"2024-06-26T08:34:24+00:00","dateModified":"2024-06-26T08:34:54+00:00","mainEntityOfPage":{"@id":"https:\/\/www.cpureus.com\/es\/subvencion-diputacion-de-tarragona\/"},"wordCount":200,"image":{"@id":"https:\/\/www.cpureus.com\/es\/subvencion-diputacion-de-tarragona\/#primaryimage"},"thumbnailUrl":"https:\/\/www.cpureus.com\/wp-content\/uploads\/2024\/06\/Portada-llibre-Domenech-i-Montaner-1.jpg","articleSection":["C\u00e1mara de la propiedad urbana de Reus"],"inLanguage":"es"},{"@type":"WebPage","@id":"https:\/\/www.cpureus.com\/es\/subvencion-diputacion-de-tarragona\/","url":"https:\/\/www.cpureus.com\/es\/subvencion-diputacion-de-tarragona\/","name":"Subvenci\u00f3n Diputaci\u00f3n de Tarragona - Cambra de la propietat urbana de Reus","isPartOf":{"@id":"https:\/\/www.cpureus.com\/#website"},"primaryImageOfPage":{"@id":"https:\/\/www.cpureus.com\/es\/subvencion-diputacion-de-tarragona\/#primaryimage"},"image":{"@id":"https:\/\/www.cpureus.com\/es\/subvencion-diputacion-de-tarragona\/#primaryimage"},"thumbnailUrl":"https:\/\/www.cpureus.com\/wp-content\/uploads\/2024\/06\/Portada-llibre-Domenech-i-Montaner-1.jpg","datePublished":"2024-06-26T08:34:24+00:00","dateModified":"2024-06-26T08:34:54+00:00","author":{"@id":"https:\/\/www.cpureus.com\/#\/schema\/person\/df72106c9fc5fd93275bdda9a5f0832d"},"breadcrumb":{"@id":"https:\/\/www.cpureus.com\/es\/subvencion-diputacion-de-tarragona\/#breadcrumb"},"inLanguage":"es","potentialAction":[{"@type":"ReadAction","target":["https:\/\/www.cpureus.com\/es\/subvencion-diputacion-de-tarragona\/"]}]},{"@type":"ImageObject","inLanguage":"es","@id":"https:\/\/www.cpureus.com\/es\/subvencion-diputacion-de-tarragona\/#primaryimage","url":"https:\/\/www.cpureus.com\/wp-content\/uploads\/2024\/06\/Portada-llibre-Domenech-i-Montaner-1.jpg","contentUrl":"https:\/\/www.cpureus.com\/wp-content\/uploads\/2024\/06\/Portada-llibre-Domenech-i-Montaner-1.jpg","width":800,"height":600,"caption":"Subvencion Diputaci\u00f3n Tarragona. libro Lluis Domenech i Montaner a Reus"},{"@type":"BreadcrumbList","@id":"https:\/\/www.cpureus.com\/es\/subvencion-diputacion-de-tarragona\/#breadcrumb","itemListElement":[{"@type":"ListItem","position":1,"name":"Inici","item":"https:\/\/www.cpureus.com\/es\/"},{"@type":"ListItem","position":2,"name":"Subvenci\u00f3n Diputaci\u00f3n de Tarragona"}]},{"@type":"WebSite","@id":"https:\/\/www.cpureus.com\/#website","url":"https:\/\/www.cpureus.com\/","name":"Cambra de la propietat urbana de Reus","description":"Cambra de la propietat urbana de Reus","potentialAction":[{"@type":"SearchAction","target":{"@type":"EntryPoint","urlTemplate":"https:\/\/www.cpureus.com\/?s={search_term_string}"},"query-input":{"@type":"PropertyValueSpecification","valueRequired":true,"valueName":"search_term_string"}}],"inLanguage":"es"},{"@type":"Person","@id":"https:\/\/www.cpureus.com\/#\/schema\/person\/df72106c9fc5fd93275bdda9a5f0832d","name":"Cambra de la propietat urbana de Reus","sameAs":["https:\/\/www.cpureus.com"],"url":"https:\/\/www.cpureus.com\/es\/author\/cpurafael\/"}]}},"_links":{"self":[{"href":"https:\/\/www.cpureus.com\/es\/wp-json\/wp\/v2\/posts\/14225","targetHints":{"allow":["GET"]}}],"collection":[{"href":"https:\/\/www.cpureus.com\/es\/wp-json\/wp\/v2\/posts"}],"about":[{"href":"https:\/\/www.cpureus.com\/es\/wp-json\/wp\/v2\/types\/post"}],"author":[{"embeddable":true,"href":"https:\/\/www.cpureus.com\/es\/wp-json\/wp\/v2\/users\/889"}],"replies":[{"embeddable":true,"href":"https:\/\/www.cpureus.com\/es\/wp-json\/wp\/v2\/comments?post=14225"}],"version-history":[{"count":2,"href":"https:\/\/www.cpureus.com\/es\/wp-json\/wp\/v2\/posts\/14225\/revisions"}],"predecessor-version":[{"id":14229,"href":"https:\/\/www.cpureus.com\/es\/wp-json\/wp\/v2\/posts\/14225\/revisions\/14229"}],"wp:featuredmedia":[{"embeddable":true,"href":"https:\/\/www.cpureus.com\/es\/wp-json\/wp\/v2\/media\/14226"}],"wp:attachment":[{"href":"https:\/\/www.cpureus.com\/es\/wp-json\/wp\/v2\/media?parent=14225"}],"wp:term":[{"taxonomy":"category","embeddable":true,"href":"https:\/\/www.cpureus.com\/es\/wp-json\/wp\/v2\/categories?post=14225"},{"taxonomy":"post_tag","embeddable":true,"href":"https:\/\/www.cpureus.com\/es\/wp-json\/wp\/v2\/tags?post=14225"}],"curies":[{"name":"wp","href":"https:\/\/api.w.org\/{rel}","templated":true}]}}