{"id":14604,"date":"2025-05-09T19:22:38","date_gmt":"2025-05-09T17:22:38","guid":{"rendered":"https:\/\/www.cpureus.com\/?p=14604"},"modified":"2025-05-12T19:36:23","modified_gmt":"2025-05-12T17:36:23","slug":"habilitado-el-tramite-para-comunicar-la-condicion-de-gran-tenedor-de-viviendas","status":"publish","type":"post","link":"https:\/\/www.cpureus.com\/es\/habilitado-el-tramite-para-comunicar-la-condicion-de-gran-tenedor-de-viviendas\/","title":{"rendered":"Habilitado el tr\u00e1mite para comunicar la condici\u00f3n de gran tenedor de viviendas."},"content":{"rendered":"<p><span style=\"color: #800000;font-family: helvetica, arial, sans-serif;font-size: 18pt\">La Generalitat de Catalunya ha habilitado el tr\u00e1mite para que los grandes tenedores presenten la declaraci\u00f3n con el n\u00famero y relaci\u00f3n de viviendas de las cuales son titulares.<\/span><\/p>\n<hr \/>\n<p><strong><span style=\"color: #000000;font-family: helvetica, arial, sans-serif;font-size: 12pt\">\u00bfQui\u00e9n est\u00e1 obligado?<\/span><\/strong><\/p>\n<p><span style=\"color: #000000;font-family: helvetica, arial, sans-serif;font-size: 12pt\">Han de rellenar este formulario las personas f\u00edsicas o jur\u00eddicas que:\u00a0<\/span><\/p>\n<ul style=\"list-style-type: disc\">\n<li><span style=\"color: #000000;font-family: helvetica, arial, sans-serif;font-size: 12pt\">sean titulares de m\u00e1s de 10 inmuebles urbanos de uso residencial o una superficie construida de m\u00e1s de 1.500 m2 de uso residencial, excluidos en cualquier caso los garajes y trasteros;\u00a0<\/span><\/li>\n<li><span style=\"color: #000000;font-family: helvetica, arial, sans-serif;font-size: 12pt\">los titulares de 5 o m\u00e1s inmuebles urbanos de uso residencial ubicados en \u00e1mbitos declarados de entornos de mercado residencial tensionado.<\/span><\/li>\n<\/ul>\n<hr \/>\n<p><strong><span style=\"color: #000000;font-family: helvetica, arial, sans-serif;font-size: 12pt\">Sanciones<\/span><\/strong><\/p>\n<p><span style=\"color: #000000;font-family: helvetica, arial, sans-serif;font-size: 12pt\">El incumplimiento de esta obligaci\u00f3n constituye una infracci\u00f3n grave, que puede ser sancionada con multas de 9.001 a 90.000 euros.<\/span><\/p>\n<p><span style=\"font-size: 10pt\"><span style=\"color: #000000;font-family: helvetica, arial, sans-serif\">Esta obligaci\u00f3n se fundamenta en el marco jur\u00eddico establecido por: l<\/span><span style=\"color: #000000;font-family: helvetica, arial, sans-serif\">a\u00a0<a style=\"color: #000000\" href=\"https:\/\/portaljuridic.gencat.cat\/ca\/document-del-pjur\/?documentId=700006\">Ley 24\/2015, de 29 de julio<\/a>, de medidas urgentes para afrontar la emergencia en el \u00e1mbito de la vivienda y la pobreza energ\u00e9tica; l<\/span><span style=\"color: #000000;font-family: helvetica, arial, sans-serif\">a\u00a0<a style=\"color: #000000\" href=\"https:\/\/portaljuridic.gencat.cat\/ca\/document-del-pjur\/?documentId=965888\">Ley 12\/2023, de 24 de mayo<\/a>, por el derecho a la vivienda, y el\u00a0<\/span><span style=\"color: #000000;font-family: helvetica, arial, sans-serif\"><a style=\"color: #000000\" href=\"https:\/\/portaljuridic.gencat.cat\/ca\/document-del-pjur\/?documentId=1007372\">Decreto ley 2\/2025, de 25 de febrero<\/a>, de medidas urgentes en materia de vivienda y urbanismo.<\/span><\/span><\/p>\n<hr \/>\n<p><strong><span style=\"color: #000000;font-family: helvetica, arial, sans-serif;font-size: 12pt\">\u00bfC\u00f3mo se ha de efectuar esta inscripci\u00f3n?<\/span><\/strong><\/p>\n<p><span style=\"color: #000000;font-family: helvetica, arial, sans-serif;font-size: 12pt\">Mediante el <span style=\"color: #0000ff\"><a style=\"color: #0000ff\" href=\"https:\/\/web.gencat.cat\/ca\/tramits\/tramits-temes\/Comunicacio-de-la-condicio-de-gran-tenidor-dhabitatge\" target=\"_blank\" rel=\"noopener\">tr\u00e1mite habilitado por la Ag\u00e8ncia de l\u2019Habitatge de Catalunya<\/a><\/span> en su p\u00e1gina web, a trav\u00e9s de identificaci\u00f3n digital.<\/span><\/p>\n<hr \/>\n<p><span style=\"color: #000000;font-family: helvetica, arial, sans-serif;font-size: 12pt\">Los <span style=\"color: #0000ff\"><a style=\"color: #0000ff\" href=\"https:\/\/www.cpureus.com\/es\/asesoria-legal-y-defensa-juridica\/?lang=es\" target=\"_blank\" rel=\"noopener\">Servicios Jur\u00eddicos de la C\u00e1mara te pueden ayudar<\/a><\/span> para cumplimentar este tr\u00e1mite.<\/span><\/p>\n<hr \/>\n<p>&nbsp;<\/p>\n","protected":false},"excerpt":{"rendered":"<p>La Generalitat de Catalunya ha habilitado el tr\u00e1mite para que los grandes tenedores presenten la declaraci\u00f3n con el n\u00famero y relaci\u00f3n de viviendas de las cuales son titulares. \u00bfQui\u00e9n est\u00e1 obligado? Han de rellenar este formulario las personas f\u00edsicas o jur\u00eddicas que:\u00a0 sean titulares de m\u00e1s de 10 inmuebles urbanos de uso residencial o una [&hellip;]<\/p>\n","protected":false},"author":889,"featured_media":14605,"comment_status":"closed","ping_status":"closed","sticky":false,"template":"","format":"standard","meta":{"_et_pb_use_builder":"","_et_pb_old_content":"","_et_gb_content_width":"","_joinchat":[],"footnotes":""},"categories":[12],"tags":[],"class_list":["post-14604","post","type-post","status-publish","format-standard","has-post-thumbnail","hentry","category-juridico"],"yoast_head":"<!-- This site is optimized with the Yoast SEO plugin v27.1.1 - https:\/\/yoast.com\/product\/yoast-seo-wordpress\/ -->\n<title>Habilitado el tr\u00e1mite para comunicar la condici\u00f3n de gran tenedor de viviendas. - Cambra de la propietat urbana de Reus<\/title>\n<meta name=\"robots\" content=\"index, follow, max-snippet:-1, max-image-preview:large, max-video-preview:-1\" \/>\n<link rel=\"canonical\" href=\"https:\/\/www.cpureus.com\/es\/habilitado-el-tramite-para-comunicar-la-condicion-de-gran-tenedor-de-viviendas\/\" \/>\n<meta property=\"og:locale\" content=\"es_ES\" \/>\n<meta property=\"og:type\" content=\"article\" \/>\n<meta property=\"og:title\" content=\"Habilitado el tr\u00e1mite para comunicar la condici\u00f3n de gran tenedor de viviendas. - Cambra de la propietat urbana de Reus\" \/>\n<meta property=\"og:description\" content=\"La Generalitat de Catalunya ha habilitado el tr\u00e1mite para que los grandes tenedores presenten la declaraci\u00f3n con el n\u00famero y relaci\u00f3n de viviendas de las cuales son titulares. \u00bfQui\u00e9n est\u00e1 obligado? Han de rellenar este formulario las personas f\u00edsicas o jur\u00eddicas que:\u00a0 sean titulares de m\u00e1s de 10 inmuebles urbanos de uso residencial o una [&hellip;]\" \/>\n<meta property=\"og:url\" content=\"https:\/\/www.cpureus.com\/es\/habilitado-el-tramite-para-comunicar-la-condicion-de-gran-tenedor-de-viviendas\/\" \/>\n<meta property=\"og:site_name\" content=\"Cambra de la propietat urbana de Reus\" \/>\n<meta property=\"article:published_time\" content=\"2025-05-09T17:22:38+00:00\" \/>\n<meta property=\"article:modified_time\" content=\"2025-05-12T17:36:23+00:00\" \/>\n<meta property=\"og:image\" content=\"https:\/\/www.cpureus.com\/wp-content\/uploads\/2025\/05\/2025.05.06.-Agencia-Habitatge-Catalunya-logo-1.jpg\" \/>\n\t<meta property=\"og:image:width\" content=\"800\" \/>\n\t<meta property=\"og:image:height\" content=\"186\" \/>\n\t<meta property=\"og:image:type\" content=\"image\/jpeg\" \/>\n<meta name=\"author\" content=\"Cambra de la propietat urbana de Reus\" \/>\n<meta name=\"twitter:card\" content=\"summary_large_image\" \/>\n<meta name=\"twitter:label1\" content=\"Escrito por\" \/>\n\t<meta name=\"twitter:data1\" content=\"Cambra de la propietat urbana de Reus\" \/>\n\t<meta name=\"twitter:label2\" content=\"Tiempo de lectura\" \/>\n\t<meta name=\"twitter:data2\" content=\"1 minuto\" \/>\n<script type=\"application\/ld+json\" class=\"yoast-schema-graph\">{\"@context\":\"https:\/\/schema.org\",\"@graph\":[{\"@type\":\"Article\",\"@id\":\"https:\/\/www.cpureus.com\/es\/habilitado-el-tramite-para-comunicar-la-condicion-de-gran-tenedor-de-viviendas\/#article\",\"isPartOf\":{\"@id\":\"https:\/\/www.cpureus.com\/es\/habilitado-el-tramite-para-comunicar-la-condicion-de-gran-tenedor-de-viviendas\/\"},\"author\":{\"name\":\"Cambra de la propietat urbana de Reus\",\"@id\":\"https:\/\/www.cpureus.com\/#\/schema\/person\/df72106c9fc5fd93275bdda9a5f0832d\"},\"headline\":\"Habilitado el tr\u00e1mite para comunicar la condici\u00f3n de gran tenedor de viviendas.\",\"datePublished\":\"2025-05-09T17:22:38+00:00\",\"dateModified\":\"2025-05-12T17:36:23+00:00\",\"mainEntityOfPage\":{\"@id\":\"https:\/\/www.cpureus.com\/es\/habilitado-el-tramite-para-comunicar-la-condicion-de-gran-tenedor-de-viviendas\/\"},\"wordCount\":252,\"image\":{\"@id\":\"https:\/\/www.cpureus.com\/es\/habilitado-el-tramite-para-comunicar-la-condicion-de-gran-tenedor-de-viviendas\/#primaryimage\"},\"thumbnailUrl\":\"https:\/\/www.cpureus.com\/wp-content\/uploads\/2025\/05\/2025.05.06.-Agencia-Habitatge-Catalunya-logo-1.jpg\",\"articleSection\":[\"Jur\u00eddico\"],\"inLanguage\":\"es\"},{\"@type\":\"WebPage\",\"@id\":\"https:\/\/www.cpureus.com\/es\/habilitado-el-tramite-para-comunicar-la-condicion-de-gran-tenedor-de-viviendas\/\",\"url\":\"https:\/\/www.cpureus.com\/es\/habilitado-el-tramite-para-comunicar-la-condicion-de-gran-tenedor-de-viviendas\/\",\"name\":\"Habilitado el tr\u00e1mite para comunicar la condici\u00f3n de gran tenedor de viviendas. - Cambra de la propietat urbana de Reus\",\"isPartOf\":{\"@id\":\"https:\/\/www.cpureus.com\/#website\"},\"primaryImageOfPage\":{\"@id\":\"https:\/\/www.cpureus.com\/es\/habilitado-el-tramite-para-comunicar-la-condicion-de-gran-tenedor-de-viviendas\/#primaryimage\"},\"image\":{\"@id\":\"https:\/\/www.cpureus.com\/es\/habilitado-el-tramite-para-comunicar-la-condicion-de-gran-tenedor-de-viviendas\/#primaryimage\"},\"thumbnailUrl\":\"https:\/\/www.cpureus.com\/wp-content\/uploads\/2025\/05\/2025.05.06.-Agencia-Habitatge-Catalunya-logo-1.jpg\",\"datePublished\":\"2025-05-09T17:22:38+00:00\",\"dateModified\":\"2025-05-12T17:36:23+00:00\",\"author\":{\"@id\":\"https:\/\/www.cpureus.com\/#\/schema\/person\/df72106c9fc5fd93275bdda9a5f0832d\"},\"breadcrumb\":{\"@id\":\"https:\/\/www.cpureus.com\/es\/habilitado-el-tramite-para-comunicar-la-condicion-de-gran-tenedor-de-viviendas\/#breadcrumb\"},\"inLanguage\":\"es\",\"potentialAction\":[{\"@type\":\"ReadAction\",\"target\":[\"https:\/\/www.cpureus.com\/es\/habilitado-el-tramite-para-comunicar-la-condicion-de-gran-tenedor-de-viviendas\/\"]}]},{\"@type\":\"ImageObject\",\"inLanguage\":\"es\",\"@id\":\"https:\/\/www.cpureus.com\/es\/habilitado-el-tramite-para-comunicar-la-condicion-de-gran-tenedor-de-viviendas\/#primaryimage\",\"url\":\"https:\/\/www.cpureus.com\/wp-content\/uploads\/2025\/05\/2025.05.06.-Agencia-Habitatge-Catalunya-logo-1.jpg\",\"contentUrl\":\"https:\/\/www.cpureus.com\/wp-content\/uploads\/2025\/05\/2025.05.06.-Agencia-Habitatge-Catalunya-logo-1.jpg\",\"width\":800,\"height\":186,\"caption\":\"Habilitado tramite inscripci\u00f3n registro grandes tenedores\"},{\"@type\":\"BreadcrumbList\",\"@id\":\"https:\/\/www.cpureus.com\/es\/habilitado-el-tramite-para-comunicar-la-condicion-de-gran-tenedor-de-viviendas\/#breadcrumb\",\"itemListElement\":[{\"@type\":\"ListItem\",\"position\":1,\"name\":\"Inici\",\"item\":\"https:\/\/www.cpureus.com\/es\/\"},{\"@type\":\"ListItem\",\"position\":2,\"name\":\"Habilitado el tr\u00e1mite para comunicar la condici\u00f3n de gran tenedor de viviendas.\"}]},{\"@type\":\"WebSite\",\"@id\":\"https:\/\/www.cpureus.com\/#website\",\"url\":\"https:\/\/www.cpureus.com\/\",\"name\":\"Cambra de la propietat urbana de Reus\",\"description\":\"Cambra de la propietat urbana de Reus\",\"potentialAction\":[{\"@type\":\"SearchAction\",\"target\":{\"@type\":\"EntryPoint\",\"urlTemplate\":\"https:\/\/www.cpureus.com\/?s={search_term_string}\"},\"query-input\":{\"@type\":\"PropertyValueSpecification\",\"valueRequired\":true,\"valueName\":\"search_term_string\"}}],\"inLanguage\":\"es\"},{\"@type\":\"Person\",\"@id\":\"https:\/\/www.cpureus.com\/#\/schema\/person\/df72106c9fc5fd93275bdda9a5f0832d\",\"name\":\"Cambra de la propietat urbana de Reus\",\"sameAs\":[\"https:\/\/www.cpureus.com\"],\"url\":\"https:\/\/www.cpureus.com\/es\/author\/cpurafael\/\"}]}<\/script>\n<!-- \/ Yoast SEO plugin. -->","yoast_head_json":{"title":"Habilitado el tr\u00e1mite para comunicar la condici\u00f3n de gran tenedor de viviendas. - Cambra de la propietat urbana de Reus","robots":{"index":"index","follow":"follow","max-snippet":"max-snippet:-1","max-image-preview":"max-image-preview:large","max-video-preview":"max-video-preview:-1"},"canonical":"https:\/\/www.cpureus.com\/es\/habilitado-el-tramite-para-comunicar-la-condicion-de-gran-tenedor-de-viviendas\/","og_locale":"es_ES","og_type":"article","og_title":"Habilitado el tr\u00e1mite para comunicar la condici\u00f3n de gran tenedor de viviendas. - Cambra de la propietat urbana de Reus","og_description":"La Generalitat de Catalunya ha habilitado el tr\u00e1mite para que los grandes tenedores presenten la declaraci\u00f3n con el n\u00famero y relaci\u00f3n de viviendas de las cuales son titulares. \u00bfQui\u00e9n est\u00e1 obligado? Han de rellenar este formulario las personas f\u00edsicas o jur\u00eddicas que:\u00a0 sean titulares de m\u00e1s de 10 inmuebles urbanos de uso residencial o una [&hellip;]","og_url":"https:\/\/www.cpureus.com\/es\/habilitado-el-tramite-para-comunicar-la-condicion-de-gran-tenedor-de-viviendas\/","og_site_name":"Cambra de la propietat urbana de Reus","article_published_time":"2025-05-09T17:22:38+00:00","article_modified_time":"2025-05-12T17:36:23+00:00","og_image":[{"width":800,"height":186,"url":"https:\/\/www.cpureus.com\/wp-content\/uploads\/2025\/05\/2025.05.06.-Agencia-Habitatge-Catalunya-logo-1.jpg","type":"image\/jpeg"}],"author":"Cambra de la propietat urbana de Reus","twitter_card":"summary_large_image","twitter_misc":{"Escrito por":"Cambra de la propietat urbana de Reus","Tiempo de lectura":"1 minuto"},"schema":{"@context":"https:\/\/schema.org","@graph":[{"@type":"Article","@id":"https:\/\/www.cpureus.com\/es\/habilitado-el-tramite-para-comunicar-la-condicion-de-gran-tenedor-de-viviendas\/#article","isPartOf":{"@id":"https:\/\/www.cpureus.com\/es\/habilitado-el-tramite-para-comunicar-la-condicion-de-gran-tenedor-de-viviendas\/"},"author":{"name":"Cambra de la propietat urbana de Reus","@id":"https:\/\/www.cpureus.com\/#\/schema\/person\/df72106c9fc5fd93275bdda9a5f0832d"},"headline":"Habilitado el tr\u00e1mite para comunicar la condici\u00f3n de gran tenedor de viviendas.","datePublished":"2025-05-09T17:22:38+00:00","dateModified":"2025-05-12T17:36:23+00:00","mainEntityOfPage":{"@id":"https:\/\/www.cpureus.com\/es\/habilitado-el-tramite-para-comunicar-la-condicion-de-gran-tenedor-de-viviendas\/"},"wordCount":252,"image":{"@id":"https:\/\/www.cpureus.com\/es\/habilitado-el-tramite-para-comunicar-la-condicion-de-gran-tenedor-de-viviendas\/#primaryimage"},"thumbnailUrl":"https:\/\/www.cpureus.com\/wp-content\/uploads\/2025\/05\/2025.05.06.-Agencia-Habitatge-Catalunya-logo-1.jpg","articleSection":["Jur\u00eddico"],"inLanguage":"es"},{"@type":"WebPage","@id":"https:\/\/www.cpureus.com\/es\/habilitado-el-tramite-para-comunicar-la-condicion-de-gran-tenedor-de-viviendas\/","url":"https:\/\/www.cpureus.com\/es\/habilitado-el-tramite-para-comunicar-la-condicion-de-gran-tenedor-de-viviendas\/","name":"Habilitado el tr\u00e1mite para comunicar la condici\u00f3n de gran tenedor de viviendas. - Cambra de la propietat urbana de Reus","isPartOf":{"@id":"https:\/\/www.cpureus.com\/#website"},"primaryImageOfPage":{"@id":"https:\/\/www.cpureus.com\/es\/habilitado-el-tramite-para-comunicar-la-condicion-de-gran-tenedor-de-viviendas\/#primaryimage"},"image":{"@id":"https:\/\/www.cpureus.com\/es\/habilitado-el-tramite-para-comunicar-la-condicion-de-gran-tenedor-de-viviendas\/#primaryimage"},"thumbnailUrl":"https:\/\/www.cpureus.com\/wp-content\/uploads\/2025\/05\/2025.05.06.-Agencia-Habitatge-Catalunya-logo-1.jpg","datePublished":"2025-05-09T17:22:38+00:00","dateModified":"2025-05-12T17:36:23+00:00","author":{"@id":"https:\/\/www.cpureus.com\/#\/schema\/person\/df72106c9fc5fd93275bdda9a5f0832d"},"breadcrumb":{"@id":"https:\/\/www.cpureus.com\/es\/habilitado-el-tramite-para-comunicar-la-condicion-de-gran-tenedor-de-viviendas\/#breadcrumb"},"inLanguage":"es","potentialAction":[{"@type":"ReadAction","target":["https:\/\/www.cpureus.com\/es\/habilitado-el-tramite-para-comunicar-la-condicion-de-gran-tenedor-de-viviendas\/"]}]},{"@type":"ImageObject","inLanguage":"es","@id":"https:\/\/www.cpureus.com\/es\/habilitado-el-tramite-para-comunicar-la-condicion-de-gran-tenedor-de-viviendas\/#primaryimage","url":"https:\/\/www.cpureus.com\/wp-content\/uploads\/2025\/05\/2025.05.06.-Agencia-Habitatge-Catalunya-logo-1.jpg","contentUrl":"https:\/\/www.cpureus.com\/wp-content\/uploads\/2025\/05\/2025.05.06.-Agencia-Habitatge-Catalunya-logo-1.jpg","width":800,"height":186,"caption":"Habilitado tramite inscripci\u00f3n registro grandes tenedores"},{"@type":"BreadcrumbList","@id":"https:\/\/www.cpureus.com\/es\/habilitado-el-tramite-para-comunicar-la-condicion-de-gran-tenedor-de-viviendas\/#breadcrumb","itemListElement":[{"@type":"ListItem","position":1,"name":"Inici","item":"https:\/\/www.cpureus.com\/es\/"},{"@type":"ListItem","position":2,"name":"Habilitado el tr\u00e1mite para comunicar la condici\u00f3n de gran tenedor de viviendas."}]},{"@type":"WebSite","@id":"https:\/\/www.cpureus.com\/#website","url":"https:\/\/www.cpureus.com\/","name":"Cambra de la propietat urbana de Reus","description":"Cambra de la propietat urbana de Reus","potentialAction":[{"@type":"SearchAction","target":{"@type":"EntryPoint","urlTemplate":"https:\/\/www.cpureus.com\/?s={search_term_string}"},"query-input":{"@type":"PropertyValueSpecification","valueRequired":true,"valueName":"search_term_string"}}],"inLanguage":"es"},{"@type":"Person","@id":"https:\/\/www.cpureus.com\/#\/schema\/person\/df72106c9fc5fd93275bdda9a5f0832d","name":"Cambra de la propietat urbana de Reus","sameAs":["https:\/\/www.cpureus.com"],"url":"https:\/\/www.cpureus.com\/es\/author\/cpurafael\/"}]}},"_links":{"self":[{"href":"https:\/\/www.cpureus.com\/es\/wp-json\/wp\/v2\/posts\/14604","targetHints":{"allow":["GET"]}}],"collection":[{"href":"https:\/\/www.cpureus.com\/es\/wp-json\/wp\/v2\/posts"}],"about":[{"href":"https:\/\/www.cpureus.com\/es\/wp-json\/wp\/v2\/types\/post"}],"author":[{"embeddable":true,"href":"https:\/\/www.cpureus.com\/es\/wp-json\/wp\/v2\/users\/889"}],"replies":[{"embeddable":true,"href":"https:\/\/www.cpureus.com\/es\/wp-json\/wp\/v2\/comments?post=14604"}],"version-history":[{"count":1,"href":"https:\/\/www.cpureus.com\/es\/wp-json\/wp\/v2\/posts\/14604\/revisions"}],"predecessor-version":[{"id":14607,"href":"https:\/\/www.cpureus.com\/es\/wp-json\/wp\/v2\/posts\/14604\/revisions\/14607"}],"wp:featuredmedia":[{"embeddable":true,"href":"https:\/\/www.cpureus.com\/es\/wp-json\/wp\/v2\/media\/14605"}],"wp:attachment":[{"href":"https:\/\/www.cpureus.com\/es\/wp-json\/wp\/v2\/media?parent=14604"}],"wp:term":[{"taxonomy":"category","embeddable":true,"href":"https:\/\/www.cpureus.com\/es\/wp-json\/wp\/v2\/categories?post=14604"},{"taxonomy":"post_tag","embeddable":true,"href":"https:\/\/www.cpureus.com\/es\/wp-json\/wp\/v2\/tags?post=14604"}],"curies":[{"name":"wp","href":"https:\/\/api.w.org\/{rel}","templated":true}]}}