{"id":14846,"date":"2026-01-02T17:49:27","date_gmt":"2026-01-02T16:49:27","guid":{"rendered":"https:\/\/www.cpureus.com\/?p=14846"},"modified":"2026-01-10T18:00:30","modified_gmt":"2026-01-10T17:00:30","slug":"limitacion-de-la-renta-en-los-contratos-de-temporada-y-de-habitaciones","status":"publish","type":"post","link":"https:\/\/www.cpureus.com\/es\/limitacion-de-la-renta-en-los-contratos-de-temporada-y-de-habitaciones\/","title":{"rendered":"Limitaci\u00f3n de la renta en los contratos de temporada y de habitaciones."},"content":{"rendered":"<h4><strong><span style=\"font-family: helvetica, arial, sans-serif;color: #800000\">A partir del 1 de enero de 2026 la renta de los contratos de temporada queda limitada a los topes de precios m\u00e1ximos del alquiler.<\/span><\/strong><\/h4>\n<p><strong><span style=\"font-family: helvetica, arial, sans-serif;color: #800000;font-size: 14pt\">Esta limitaci\u00f3n tambi\u00e9n afecta al alquiler de habitaciones.<\/span><\/strong><\/p>\n<hr \/>\n<p><span style=\"font-family: helvetica, arial, sans-serif;font-size: 12pt;color: #800000\">Contratos de temporada:\u00a0<\/span><\/p>\n<p><span style=\"font-family: helvetica, arial, sans-serif;color: #000000;font-size: 12pt\">De acuerdo con la nueva ley, son contratos de temporada los suscritos por razones profesionales, laborales, de estudios, de atenci\u00f3n o asistencia m\u00e9dica, de situaciones provisionales en espera de entrega de vivienda o de retorno a la residencia habitual, o por otros usos an\u00e1logos que no sean diferentes de la satisfacci\u00f3n de la necesidad de vivienda.<\/span><\/p>\n<p><span style=\"font-family: helvetica, arial, sans-serif;color: #000000;font-size: 12pt\">Se ha de dejar constancia de la finalidad del contrato de temporada y su acreditaci\u00f3n documental. La documentaci\u00f3n acreditativa se ha de depositar juntamente con la fianza.<\/span><\/p>\n<p><span style=\"font-family: helvetica, arial, sans-serif;color: #800000;font-size: 12pt\">Contratos con finalidad exclusivamente recreativa, de vacaciones o de ocio:<\/span><\/p>\n<p><span style=\"font-family: helvetica, arial, sans-serif;color: #000000;font-size: 12pt\">La normativa expuesta anteriormente no es aplicable a los contratos que tienen por finalidad exclusivamente recreativa, de vacaciones o de ocio, los cuales se regir\u00e1n por las normas de los arrendamientos para uso distinto del de vivienda.<\/span><\/p>\n<p><span style=\"font-family: helvetica, arial, sans-serif;color: #000000;font-size: 12pt\">La causa o finalidad recreativa, de vacaciones o de ocio se ha de hacer constar en el contrato, se ha de acreditar debidamente y se ha de hacer constar el lugar de residencia permanente de la parte arrendataria.<\/span><\/p>\n<p><span style=\"font-family: helvetica, arial, sans-serif;color: #800000;font-size: 12pt\">Contratos de alquiler de habitaciones:<\/span><\/p>\n<p><span style=\"font-family: helvetica, arial, sans-serif;color: #000000;font-size: 12pt\">En esta clase de contratos, la suma de las rentas pactadas en diversos contratos de arrendamiento de vigencia simult\u00e1nea de una vivienda situada en una zona de mercado residencial tensionado no puede sobrepasar la renta m\u00e1xima aplicable al arrendamiento unitario de la vivienda.<\/span><\/p>\n<hr \/>\n<p><span style=\"font-family: helvetica, arial, sans-serif;color: #000000;font-size: 12pt\">Es una informaci\u00f3n elaborada por <a href=\"https:\/\/www.cpureus.com\/es\/asesoria-legal-y-defensa-juridica\/?lang=es\" target=\"_blank\" rel=\"noopener\"><strong><span style=\"color: #800000\">URBS, Despacho Jur\u00eddico de la Cambra<\/span><\/strong><\/a>, especializado en arrendamientos urbanos, propiedad horizontal y derecho inmobiliario.<\/span><\/p>\n<p><span style=\"font-family: helvetica, arial, sans-serif;color: #000000;font-size: 12pt\">Clicando sobre este enlace podr\u00e1s acceder al <a href=\"https:\/\/portaldogc.gencat.cat\/utilsEADOP\/PDF\/9574\/2127794.pdf\" target=\"_blank\" rel=\"noopener\"><span style=\"color: #0000ff\">texto \u00edntegro de la Llei 11\/2025<\/span><\/a>.<\/span><\/p>\n<hr \/>\n<p><span style=\"font-family: helvetica, arial, sans-serif;color: #000000;font-size: 10pt\">Fuente: Ley del Parlamento de Catalunya 11\/2025, de 29 de diciembre, de medidas en materia de vivienda y urbanismo. DOGCat. N\u00fam. 9574, de 31.12.2025.<\/span><\/p>\n<p><span style=\"font-family: helvetica, arial, sans-serif;color: #000000;font-size: 8pt\">Imagen: Luke van Zyl.<\/span><\/p>\n<hr \/>\n<p>&nbsp;<\/p>\n","protected":false},"excerpt":{"rendered":"<p>A partir del 1 de enero de 2026 la renta de los contratos de temporada queda limitada a los topes de precios m\u00e1ximos del alquiler. Esta limitaci\u00f3n tambi\u00e9n afecta al alquiler de habitaciones. Contratos de temporada:\u00a0 De acuerdo con la nueva ley, son contratos de temporada los suscritos por razones profesionales, laborales, de estudios, de [&hellip;]<\/p>\n","protected":false},"author":889,"featured_media":14847,"comment_status":"closed","ping_status":"closed","sticky":false,"template":"","format":"standard","meta":{"_et_pb_use_builder":"","_et_pb_old_content":"","_et_gb_content_width":"","_joinchat":[],"footnotes":""},"categories":[12],"tags":[],"class_list":["post-14846","post","type-post","status-publish","format-standard","has-post-thumbnail","hentry","category-juridico"],"yoast_head":"<!-- This site is optimized with the Yoast SEO plugin v27.1.1 - https:\/\/yoast.com\/product\/yoast-seo-wordpress\/ -->\n<title>Limitaci\u00f3n de la renta en los contratos de temporada y de habitaciones. - Cambra de la propietat urbana de Reus<\/title>\n<meta name=\"robots\" content=\"index, follow, max-snippet:-1, max-image-preview:large, max-video-preview:-1\" \/>\n<link rel=\"canonical\" href=\"https:\/\/www.cpureus.com\/es\/limitacion-de-la-renta-en-los-contratos-de-temporada-y-de-habitaciones\/\" \/>\n<meta property=\"og:locale\" content=\"es_ES\" \/>\n<meta property=\"og:type\" content=\"article\" \/>\n<meta property=\"og:title\" content=\"Limitaci\u00f3n de la renta en los contratos de temporada y de habitaciones. - Cambra de la propietat urbana de Reus\" \/>\n<meta property=\"og:description\" content=\"A partir del 1 de enero de 2026 la renta de los contratos de temporada queda limitada a los topes de precios m\u00e1ximos del alquiler. Esta limitaci\u00f3n tambi\u00e9n afecta al alquiler de habitaciones. Contratos de temporada:\u00a0 De acuerdo con la nueva ley, son contratos de temporada los suscritos por razones profesionales, laborales, de estudios, de [&hellip;]\" \/>\n<meta property=\"og:url\" content=\"https:\/\/www.cpureus.com\/es\/limitacion-de-la-renta-en-los-contratos-de-temporada-y-de-habitaciones\/\" \/>\n<meta property=\"og:site_name\" content=\"Cambra de la propietat urbana de Reus\" \/>\n<meta property=\"article:published_time\" content=\"2026-01-02T16:49:27+00:00\" \/>\n<meta property=\"article:modified_time\" content=\"2026-01-10T17:00:30+00:00\" \/>\n<meta property=\"og:image\" content=\"https:\/\/www.cpureus.com\/wp-content\/uploads\/2026\/01\/2026.01.-Contractes-temporada-1.jpg\" \/>\n\t<meta property=\"og:image:width\" content=\"800\" \/>\n\t<meta property=\"og:image:height\" content=\"600\" \/>\n\t<meta property=\"og:image:type\" content=\"image\/jpeg\" \/>\n<meta name=\"author\" content=\"Cambra de la propietat urbana de Reus\" \/>\n<meta name=\"twitter:card\" content=\"summary_large_image\" \/>\n<meta name=\"twitter:label1\" content=\"Escrito por\" \/>\n\t<meta name=\"twitter:data1\" content=\"Cambra de la propietat urbana de Reus\" \/>\n\t<meta name=\"twitter:label2\" content=\"Tiempo de lectura\" \/>\n\t<meta name=\"twitter:data2\" content=\"2 minutos\" \/>\n<script type=\"application\/ld+json\" class=\"yoast-schema-graph\">{\"@context\":\"https:\/\/schema.org\",\"@graph\":[{\"@type\":\"Article\",\"@id\":\"https:\/\/www.cpureus.com\/es\/limitacion-de-la-renta-en-los-contratos-de-temporada-y-de-habitaciones\/#article\",\"isPartOf\":{\"@id\":\"https:\/\/www.cpureus.com\/es\/limitacion-de-la-renta-en-los-contratos-de-temporada-y-de-habitaciones\/\"},\"author\":{\"name\":\"Cambra de la propietat urbana de Reus\",\"@id\":\"https:\/\/www.cpureus.com\/#\/schema\/person\/df72106c9fc5fd93275bdda9a5f0832d\"},\"headline\":\"Limitaci\u00f3n de la renta en los contratos de temporada y de habitaciones.\",\"datePublished\":\"2026-01-02T16:49:27+00:00\",\"dateModified\":\"2026-01-10T17:00:30+00:00\",\"mainEntityOfPage\":{\"@id\":\"https:\/\/www.cpureus.com\/es\/limitacion-de-la-renta-en-los-contratos-de-temporada-y-de-habitaciones\/\"},\"wordCount\":336,\"image\":{\"@id\":\"https:\/\/www.cpureus.com\/es\/limitacion-de-la-renta-en-los-contratos-de-temporada-y-de-habitaciones\/#primaryimage\"},\"thumbnailUrl\":\"https:\/\/www.cpureus.com\/wp-content\/uploads\/2026\/01\/2026.01.-Contractes-temporada-1.jpg\",\"articleSection\":[\"Jur\u00eddico\"],\"inLanguage\":\"es\"},{\"@type\":\"WebPage\",\"@id\":\"https:\/\/www.cpureus.com\/es\/limitacion-de-la-renta-en-los-contratos-de-temporada-y-de-habitaciones\/\",\"url\":\"https:\/\/www.cpureus.com\/es\/limitacion-de-la-renta-en-los-contratos-de-temporada-y-de-habitaciones\/\",\"name\":\"Limitaci\u00f3n de la renta en los contratos de temporada y de habitaciones. - Cambra de la propietat urbana de Reus\",\"isPartOf\":{\"@id\":\"https:\/\/www.cpureus.com\/#website\"},\"primaryImageOfPage\":{\"@id\":\"https:\/\/www.cpureus.com\/es\/limitacion-de-la-renta-en-los-contratos-de-temporada-y-de-habitaciones\/#primaryimage\"},\"image\":{\"@id\":\"https:\/\/www.cpureus.com\/es\/limitacion-de-la-renta-en-los-contratos-de-temporada-y-de-habitaciones\/#primaryimage\"},\"thumbnailUrl\":\"https:\/\/www.cpureus.com\/wp-content\/uploads\/2026\/01\/2026.01.-Contractes-temporada-1.jpg\",\"datePublished\":\"2026-01-02T16:49:27+00:00\",\"dateModified\":\"2026-01-10T17:00:30+00:00\",\"author\":{\"@id\":\"https:\/\/www.cpureus.com\/#\/schema\/person\/df72106c9fc5fd93275bdda9a5f0832d\"},\"breadcrumb\":{\"@id\":\"https:\/\/www.cpureus.com\/es\/limitacion-de-la-renta-en-los-contratos-de-temporada-y-de-habitaciones\/#breadcrumb\"},\"inLanguage\":\"es\",\"potentialAction\":[{\"@type\":\"ReadAction\",\"target\":[\"https:\/\/www.cpureus.com\/es\/limitacion-de-la-renta-en-los-contratos-de-temporada-y-de-habitaciones\/\"]}]},{\"@type\":\"ImageObject\",\"inLanguage\":\"es\",\"@id\":\"https:\/\/www.cpureus.com\/es\/limitacion-de-la-renta-en-los-contratos-de-temporada-y-de-habitaciones\/#primaryimage\",\"url\":\"https:\/\/www.cpureus.com\/wp-content\/uploads\/2026\/01\/2026.01.-Contractes-temporada-1.jpg\",\"contentUrl\":\"https:\/\/www.cpureus.com\/wp-content\/uploads\/2026\/01\/2026.01.-Contractes-temporada-1.jpg\",\"width\":800,\"height\":600,\"caption\":\"Limitaci\u00f3n renta contratos temporada\"},{\"@type\":\"BreadcrumbList\",\"@id\":\"https:\/\/www.cpureus.com\/es\/limitacion-de-la-renta-en-los-contratos-de-temporada-y-de-habitaciones\/#breadcrumb\",\"itemListElement\":[{\"@type\":\"ListItem\",\"position\":1,\"name\":\"Inici\",\"item\":\"https:\/\/www.cpureus.com\/es\/\"},{\"@type\":\"ListItem\",\"position\":2,\"name\":\"Limitaci\u00f3n de la renta en los contratos de temporada y de habitaciones.\"}]},{\"@type\":\"WebSite\",\"@id\":\"https:\/\/www.cpureus.com\/#website\",\"url\":\"https:\/\/www.cpureus.com\/\",\"name\":\"Cambra de la propietat urbana de Reus\",\"description\":\"Cambra de la propietat urbana de Reus\",\"potentialAction\":[{\"@type\":\"SearchAction\",\"target\":{\"@type\":\"EntryPoint\",\"urlTemplate\":\"https:\/\/www.cpureus.com\/?s={search_term_string}\"},\"query-input\":{\"@type\":\"PropertyValueSpecification\",\"valueRequired\":true,\"valueName\":\"search_term_string\"}}],\"inLanguage\":\"es\"},{\"@type\":\"Person\",\"@id\":\"https:\/\/www.cpureus.com\/#\/schema\/person\/df72106c9fc5fd93275bdda9a5f0832d\",\"name\":\"Cambra de la propietat urbana de Reus\",\"sameAs\":[\"https:\/\/www.cpureus.com\"],\"url\":\"https:\/\/www.cpureus.com\/es\/author\/cpurafael\/\"}]}<\/script>\n<!-- \/ Yoast SEO plugin. -->","yoast_head_json":{"title":"Limitaci\u00f3n de la renta en los contratos de temporada y de habitaciones. - Cambra de la propietat urbana de Reus","robots":{"index":"index","follow":"follow","max-snippet":"max-snippet:-1","max-image-preview":"max-image-preview:large","max-video-preview":"max-video-preview:-1"},"canonical":"https:\/\/www.cpureus.com\/es\/limitacion-de-la-renta-en-los-contratos-de-temporada-y-de-habitaciones\/","og_locale":"es_ES","og_type":"article","og_title":"Limitaci\u00f3n de la renta en los contratos de temporada y de habitaciones. - Cambra de la propietat urbana de Reus","og_description":"A partir del 1 de enero de 2026 la renta de los contratos de temporada queda limitada a los topes de precios m\u00e1ximos del alquiler. Esta limitaci\u00f3n tambi\u00e9n afecta al alquiler de habitaciones. Contratos de temporada:\u00a0 De acuerdo con la nueva ley, son contratos de temporada los suscritos por razones profesionales, laborales, de estudios, de [&hellip;]","og_url":"https:\/\/www.cpureus.com\/es\/limitacion-de-la-renta-en-los-contratos-de-temporada-y-de-habitaciones\/","og_site_name":"Cambra de la propietat urbana de Reus","article_published_time":"2026-01-02T16:49:27+00:00","article_modified_time":"2026-01-10T17:00:30+00:00","og_image":[{"width":800,"height":600,"url":"https:\/\/www.cpureus.com\/wp-content\/uploads\/2026\/01\/2026.01.-Contractes-temporada-1.jpg","type":"image\/jpeg"}],"author":"Cambra de la propietat urbana de Reus","twitter_card":"summary_large_image","twitter_misc":{"Escrito por":"Cambra de la propietat urbana de Reus","Tiempo de lectura":"2 minutos"},"schema":{"@context":"https:\/\/schema.org","@graph":[{"@type":"Article","@id":"https:\/\/www.cpureus.com\/es\/limitacion-de-la-renta-en-los-contratos-de-temporada-y-de-habitaciones\/#article","isPartOf":{"@id":"https:\/\/www.cpureus.com\/es\/limitacion-de-la-renta-en-los-contratos-de-temporada-y-de-habitaciones\/"},"author":{"name":"Cambra de la propietat urbana de Reus","@id":"https:\/\/www.cpureus.com\/#\/schema\/person\/df72106c9fc5fd93275bdda9a5f0832d"},"headline":"Limitaci\u00f3n de la renta en los contratos de temporada y de habitaciones.","datePublished":"2026-01-02T16:49:27+00:00","dateModified":"2026-01-10T17:00:30+00:00","mainEntityOfPage":{"@id":"https:\/\/www.cpureus.com\/es\/limitacion-de-la-renta-en-los-contratos-de-temporada-y-de-habitaciones\/"},"wordCount":336,"image":{"@id":"https:\/\/www.cpureus.com\/es\/limitacion-de-la-renta-en-los-contratos-de-temporada-y-de-habitaciones\/#primaryimage"},"thumbnailUrl":"https:\/\/www.cpureus.com\/wp-content\/uploads\/2026\/01\/2026.01.-Contractes-temporada-1.jpg","articleSection":["Jur\u00eddico"],"inLanguage":"es"},{"@type":"WebPage","@id":"https:\/\/www.cpureus.com\/es\/limitacion-de-la-renta-en-los-contratos-de-temporada-y-de-habitaciones\/","url":"https:\/\/www.cpureus.com\/es\/limitacion-de-la-renta-en-los-contratos-de-temporada-y-de-habitaciones\/","name":"Limitaci\u00f3n de la renta en los contratos de temporada y de habitaciones. - Cambra de la propietat urbana de Reus","isPartOf":{"@id":"https:\/\/www.cpureus.com\/#website"},"primaryImageOfPage":{"@id":"https:\/\/www.cpureus.com\/es\/limitacion-de-la-renta-en-los-contratos-de-temporada-y-de-habitaciones\/#primaryimage"},"image":{"@id":"https:\/\/www.cpureus.com\/es\/limitacion-de-la-renta-en-los-contratos-de-temporada-y-de-habitaciones\/#primaryimage"},"thumbnailUrl":"https:\/\/www.cpureus.com\/wp-content\/uploads\/2026\/01\/2026.01.-Contractes-temporada-1.jpg","datePublished":"2026-01-02T16:49:27+00:00","dateModified":"2026-01-10T17:00:30+00:00","author":{"@id":"https:\/\/www.cpureus.com\/#\/schema\/person\/df72106c9fc5fd93275bdda9a5f0832d"},"breadcrumb":{"@id":"https:\/\/www.cpureus.com\/es\/limitacion-de-la-renta-en-los-contratos-de-temporada-y-de-habitaciones\/#breadcrumb"},"inLanguage":"es","potentialAction":[{"@type":"ReadAction","target":["https:\/\/www.cpureus.com\/es\/limitacion-de-la-renta-en-los-contratos-de-temporada-y-de-habitaciones\/"]}]},{"@type":"ImageObject","inLanguage":"es","@id":"https:\/\/www.cpureus.com\/es\/limitacion-de-la-renta-en-los-contratos-de-temporada-y-de-habitaciones\/#primaryimage","url":"https:\/\/www.cpureus.com\/wp-content\/uploads\/2026\/01\/2026.01.-Contractes-temporada-1.jpg","contentUrl":"https:\/\/www.cpureus.com\/wp-content\/uploads\/2026\/01\/2026.01.-Contractes-temporada-1.jpg","width":800,"height":600,"caption":"Limitaci\u00f3n renta contratos temporada"},{"@type":"BreadcrumbList","@id":"https:\/\/www.cpureus.com\/es\/limitacion-de-la-renta-en-los-contratos-de-temporada-y-de-habitaciones\/#breadcrumb","itemListElement":[{"@type":"ListItem","position":1,"name":"Inici","item":"https:\/\/www.cpureus.com\/es\/"},{"@type":"ListItem","position":2,"name":"Limitaci\u00f3n de la renta en los contratos de temporada y de habitaciones."}]},{"@type":"WebSite","@id":"https:\/\/www.cpureus.com\/#website","url":"https:\/\/www.cpureus.com\/","name":"Cambra de la propietat urbana de Reus","description":"Cambra de la propietat urbana de Reus","potentialAction":[{"@type":"SearchAction","target":{"@type":"EntryPoint","urlTemplate":"https:\/\/www.cpureus.com\/?s={search_term_string}"},"query-input":{"@type":"PropertyValueSpecification","valueRequired":true,"valueName":"search_term_string"}}],"inLanguage":"es"},{"@type":"Person","@id":"https:\/\/www.cpureus.com\/#\/schema\/person\/df72106c9fc5fd93275bdda9a5f0832d","name":"Cambra de la propietat urbana de Reus","sameAs":["https:\/\/www.cpureus.com"],"url":"https:\/\/www.cpureus.com\/es\/author\/cpurafael\/"}]}},"_links":{"self":[{"href":"https:\/\/www.cpureus.com\/es\/wp-json\/wp\/v2\/posts\/14846","targetHints":{"allow":["GET"]}}],"collection":[{"href":"https:\/\/www.cpureus.com\/es\/wp-json\/wp\/v2\/posts"}],"about":[{"href":"https:\/\/www.cpureus.com\/es\/wp-json\/wp\/v2\/types\/post"}],"author":[{"embeddable":true,"href":"https:\/\/www.cpureus.com\/es\/wp-json\/wp\/v2\/users\/889"}],"replies":[{"embeddable":true,"href":"https:\/\/www.cpureus.com\/es\/wp-json\/wp\/v2\/comments?post=14846"}],"version-history":[{"count":2,"href":"https:\/\/www.cpureus.com\/es\/wp-json\/wp\/v2\/posts\/14846\/revisions"}],"predecessor-version":[{"id":14850,"href":"https:\/\/www.cpureus.com\/es\/wp-json\/wp\/v2\/posts\/14846\/revisions\/14850"}],"wp:featuredmedia":[{"embeddable":true,"href":"https:\/\/www.cpureus.com\/es\/wp-json\/wp\/v2\/media\/14847"}],"wp:attachment":[{"href":"https:\/\/www.cpureus.com\/es\/wp-json\/wp\/v2\/media?parent=14846"}],"wp:term":[{"taxonomy":"category","embeddable":true,"href":"https:\/\/www.cpureus.com\/es\/wp-json\/wp\/v2\/categories?post=14846"},{"taxonomy":"post_tag","embeddable":true,"href":"https:\/\/www.cpureus.com\/es\/wp-json\/wp\/v2\/tags?post=14846"}],"curies":[{"name":"wp","href":"https:\/\/api.w.org\/{rel}","templated":true}]}}