{"id":14952,"date":"2026-03-05T16:32:41","date_gmt":"2026-03-05T15:32:41","guid":{"rendered":"https:\/\/www.cpureus.com\/?p=14952"},"modified":"2026-03-05T16:32:41","modified_gmt":"2026-03-05T15:32:41","slug":"soy-gran-tenedor-obligaciones","status":"publish","type":"post","link":"https:\/\/www.cpureus.com\/es\/soy-gran-tenedor-obligaciones\/","title":{"rendered":"\u00bfSoy gran tenedor? Obligaciones."},"content":{"rendered":"<h3><span style=\"font-size: 18pt\"><strong><span style=\"font-family: helvetica, arial, sans-serif;color: #000000\">Inf\u00f3rmate de los \u00faltimos criterios establecidos para evaluar si eres gran tenedor, o no.<\/span><\/strong><\/span><\/h3>\n<hr \/>\n<p><span style=\"font-family: helvetica, arial, sans-serif;color: #000000;font-size: 12pt\">\u00bfQu\u00e9 tratamiento tiene la <strong>vivienda propia habitual<\/strong> en el c\u00f3mputo de viviendas?<\/span><\/p>\n<p><span style=\"font-family: helvetica, arial, sans-serif;color: #000000;font-size: 12pt\">Dudas en los casos:<\/span><\/p>\n<ul style=\"list-style-type: disc\">\n<li><span style=\"font-family: helvetica, arial, sans-serif;color: #000000;font-size: 12pt\"> de pisos en <strong>proindiviso<\/strong> (m\u00e1s de un propietario)<\/span><\/li>\n<li><span style=\"color: #000000;font-family: helvetica, arial, sans-serif;font-size: 12pt\">supuestos de usufructo; <\/span><\/li>\n<li><span style=\"color: #000000;font-family: helvetica, arial, sans-serif;font-size: 12pt\">casos en que el inmueble consta en el Registro de la Propiedad como una <strong>\u00fanica finca registral<\/strong>, pero <strong>f\u00edsicamente<\/strong> hay v<strong>arios pisos<\/strong> alquilados&#8230;<\/span><\/li>\n<\/ul>\n<p><span style=\"font-family: helvetica, arial, sans-serif;color: #000000;font-size: 12pt\">\u00bfC\u00f3mo se computan estos supuestos a los efectos de ser considerado gran tenedor, o no?<\/span><\/p>\n<hr \/>\n<p><strong><span style=\"font-family: helvetica, arial, sans-serif;color: #000000;font-size: 12pt\">Registro de Grandes Tenedores<\/span><\/strong><\/p>\n<p><span style=\"font-family: helvetica, arial, sans-serif;color: #000000;font-size: 12pt\">Si eres gran tenedor, recuerda que te has de inscribir en el Registro de la Ag\u00e8ncia de l\u2019Habitatge.<\/span><\/p>\n<p><span style=\"font-family: helvetica, arial, sans-serif;color: #000000;font-size: 12pt\">El incumplimiento de estos requisitos puede comportar sanciones de 9.001\u20ac a 90.000\u20ac<\/span><\/p>\n<p><span style=\"font-family: helvetica, arial, sans-serif;color: #000000;font-size: 12pt\">\u00bfTienes un piso o varios pisos ubicados en el territorio de Catalu\u00f1a y otros fuera de \u00e9l? \u00bfTienes obligaci\u00f3n de registrarte? \u00bfC\u00f3mo se computan estos casos?<\/span><\/p>\n<div class='et-box et-download'>\n\t\t\t\t\t<div class='et-box-content'><span style=\"font-family: helvetica, arial, sans-serif;color: #000000;font-size: 14pt\">Servicio de Asesoramiento de la C\u00e1mara. Ante cualquier duda, cons\u00faltanos. <\/span><\/p>\n<p><span style=\"font-family: helvetica, arial, sans-serif;color: #000000;font-size: 14pt\">El <strong><span style=\"color: #800000\">Despacho Jur\u00eddico URBS<\/span><\/strong>, de la C\u00e1mara de la Propiedad Urbana de Reus te dar\u00e1 tranquilidad<\/span>.<\/div><\/div>\n<hr \/>\n<p>&nbsp;<\/p>\n<p>&nbsp;<\/p>\n","protected":false},"excerpt":{"rendered":"<p>Inf\u00f3rmate de los \u00faltimos criterios establecidos para evaluar si eres gran tenedor, o no. \u00bfQu\u00e9 tratamiento tiene la vivienda propia habitual en el c\u00f3mputo de viviendas? Dudas en los casos: de pisos en proindiviso (m\u00e1s de un propietario) supuestos de usufructo; casos en que el inmueble consta en el Registro de la Propiedad como una [&hellip;]<\/p>\n","protected":false},"author":889,"featured_media":14953,"comment_status":"closed","ping_status":"closed","sticky":false,"template":"","format":"standard","meta":{"_et_pb_use_builder":"","_et_pb_old_content":"","_et_gb_content_width":"","_joinchat":[],"footnotes":""},"categories":[12],"tags":[],"class_list":["post-14952","post","type-post","status-publish","format-standard","has-post-thumbnail","hentry","category-juridico"],"yoast_head":"<!-- This site is optimized with the Yoast SEO plugin v27.1.1 - https:\/\/yoast.com\/product\/yoast-seo-wordpress\/ -->\n<title>\u00bfSoy gran tenedor? Obligaciones. - Cambra de la propietat urbana de Reus<\/title>\n<meta name=\"robots\" content=\"index, follow, max-snippet:-1, max-image-preview:large, max-video-preview:-1\" \/>\n<link rel=\"canonical\" href=\"https:\/\/www.cpureus.com\/es\/soy-gran-tenedor-obligaciones\/\" \/>\n<meta property=\"og:locale\" content=\"es_ES\" \/>\n<meta property=\"og:type\" content=\"article\" \/>\n<meta property=\"og:title\" content=\"\u00bfSoy gran tenedor? Obligaciones. - Cambra de la propietat urbana de Reus\" \/>\n<meta property=\"og:description\" content=\"Inf\u00f3rmate de los \u00faltimos criterios establecidos para evaluar si eres gran tenedor, o no. \u00bfQu\u00e9 tratamiento tiene la vivienda propia habitual en el c\u00f3mputo de viviendas? Dudas en los casos: de pisos en proindiviso (m\u00e1s de un propietario) supuestos de usufructo; casos en que el inmueble consta en el Registro de la Propiedad como una [&hellip;]\" \/>\n<meta property=\"og:url\" content=\"https:\/\/www.cpureus.com\/es\/soy-gran-tenedor-obligaciones\/\" \/>\n<meta property=\"og:site_name\" content=\"Cambra de la propietat urbana de Reus\" \/>\n<meta property=\"article:published_time\" content=\"2026-03-05T15:32:41+00:00\" \/>\n<meta property=\"og:image\" content=\"https:\/\/www.cpureus.com\/wp-content\/uploads\/2026\/03\/2026.03.03.-gran-tenedor-o-no-1.jpg\" \/>\n\t<meta property=\"og:image:width\" content=\"800\" \/>\n\t<meta property=\"og:image:height\" content=\"600\" \/>\n\t<meta property=\"og:image:type\" content=\"image\/jpeg\" \/>\n<meta name=\"author\" content=\"Cambra de la propietat urbana de Reus\" \/>\n<meta name=\"twitter:card\" content=\"summary_large_image\" \/>\n<meta name=\"twitter:label1\" content=\"Escrito por\" \/>\n\t<meta name=\"twitter:data1\" content=\"Cambra de la propietat urbana de Reus\" \/>\n\t<meta name=\"twitter:label2\" content=\"Tiempo de lectura\" \/>\n\t<meta name=\"twitter:data2\" content=\"1 minuto\" \/>\n<script type=\"application\/ld+json\" class=\"yoast-schema-graph\">{\"@context\":\"https:\/\/schema.org\",\"@graph\":[{\"@type\":\"Article\",\"@id\":\"https:\/\/www.cpureus.com\/es\/soy-gran-tenedor-obligaciones\/#article\",\"isPartOf\":{\"@id\":\"https:\/\/www.cpureus.com\/es\/soy-gran-tenedor-obligaciones\/\"},\"author\":{\"name\":\"Cambra de la propietat urbana de Reus\",\"@id\":\"https:\/\/www.cpureus.com\/#\/schema\/person\/df72106c9fc5fd93275bdda9a5f0832d\"},\"headline\":\"\u00bfSoy gran tenedor? Obligaciones.\",\"datePublished\":\"2026-03-05T15:32:41+00:00\",\"mainEntityOfPage\":{\"@id\":\"https:\/\/www.cpureus.com\/es\/soy-gran-tenedor-obligaciones\/\"},\"wordCount\":187,\"image\":{\"@id\":\"https:\/\/www.cpureus.com\/es\/soy-gran-tenedor-obligaciones\/#primaryimage\"},\"thumbnailUrl\":\"https:\/\/www.cpureus.com\/wp-content\/uploads\/2026\/03\/2026.03.03.-gran-tenedor-o-no-1.jpg\",\"articleSection\":[\"Jur\u00eddico\"],\"inLanguage\":\"es\"},{\"@type\":\"WebPage\",\"@id\":\"https:\/\/www.cpureus.com\/es\/soy-gran-tenedor-obligaciones\/\",\"url\":\"https:\/\/www.cpureus.com\/es\/soy-gran-tenedor-obligaciones\/\",\"name\":\"\u00bfSoy gran tenedor? Obligaciones. - Cambra de la propietat urbana de Reus\",\"isPartOf\":{\"@id\":\"https:\/\/www.cpureus.com\/#website\"},\"primaryImageOfPage\":{\"@id\":\"https:\/\/www.cpureus.com\/es\/soy-gran-tenedor-obligaciones\/#primaryimage\"},\"image\":{\"@id\":\"https:\/\/www.cpureus.com\/es\/soy-gran-tenedor-obligaciones\/#primaryimage\"},\"thumbnailUrl\":\"https:\/\/www.cpureus.com\/wp-content\/uploads\/2026\/03\/2026.03.03.-gran-tenedor-o-no-1.jpg\",\"datePublished\":\"2026-03-05T15:32:41+00:00\",\"author\":{\"@id\":\"https:\/\/www.cpureus.com\/#\/schema\/person\/df72106c9fc5fd93275bdda9a5f0832d\"},\"breadcrumb\":{\"@id\":\"https:\/\/www.cpureus.com\/es\/soy-gran-tenedor-obligaciones\/#breadcrumb\"},\"inLanguage\":\"es\",\"potentialAction\":[{\"@type\":\"ReadAction\",\"target\":[\"https:\/\/www.cpureus.com\/es\/soy-gran-tenedor-obligaciones\/\"]}]},{\"@type\":\"ImageObject\",\"inLanguage\":\"es\",\"@id\":\"https:\/\/www.cpureus.com\/es\/soy-gran-tenedor-obligaciones\/#primaryimage\",\"url\":\"https:\/\/www.cpureus.com\/wp-content\/uploads\/2026\/03\/2026.03.03.-gran-tenedor-o-no-1.jpg\",\"contentUrl\":\"https:\/\/www.cpureus.com\/wp-content\/uploads\/2026\/03\/2026.03.03.-gran-tenedor-o-no-1.jpg\",\"width\":800,\"height\":600,\"caption\":\"\u00bfSoy gran tendor, o no?\"},{\"@type\":\"BreadcrumbList\",\"@id\":\"https:\/\/www.cpureus.com\/es\/soy-gran-tenedor-obligaciones\/#breadcrumb\",\"itemListElement\":[{\"@type\":\"ListItem\",\"position\":1,\"name\":\"Inici\",\"item\":\"https:\/\/www.cpureus.com\/es\/\"},{\"@type\":\"ListItem\",\"position\":2,\"name\":\"\u00bfSoy gran tenedor? Obligaciones.\"}]},{\"@type\":\"WebSite\",\"@id\":\"https:\/\/www.cpureus.com\/#website\",\"url\":\"https:\/\/www.cpureus.com\/\",\"name\":\"Cambra de la propietat urbana de Reus\",\"description\":\"Cambra de la propietat urbana de Reus\",\"potentialAction\":[{\"@type\":\"SearchAction\",\"target\":{\"@type\":\"EntryPoint\",\"urlTemplate\":\"https:\/\/www.cpureus.com\/?s={search_term_string}\"},\"query-input\":{\"@type\":\"PropertyValueSpecification\",\"valueRequired\":true,\"valueName\":\"search_term_string\"}}],\"inLanguage\":\"es\"},{\"@type\":\"Person\",\"@id\":\"https:\/\/www.cpureus.com\/#\/schema\/person\/df72106c9fc5fd93275bdda9a5f0832d\",\"name\":\"Cambra de la propietat urbana de Reus\",\"sameAs\":[\"https:\/\/www.cpureus.com\"],\"url\":\"https:\/\/www.cpureus.com\/es\/author\/cpurafael\/\"}]}<\/script>\n<!-- \/ Yoast SEO plugin. -->","yoast_head_json":{"title":"\u00bfSoy gran tenedor? Obligaciones. - Cambra de la propietat urbana de Reus","robots":{"index":"index","follow":"follow","max-snippet":"max-snippet:-1","max-image-preview":"max-image-preview:large","max-video-preview":"max-video-preview:-1"},"canonical":"https:\/\/www.cpureus.com\/es\/soy-gran-tenedor-obligaciones\/","og_locale":"es_ES","og_type":"article","og_title":"\u00bfSoy gran tenedor? Obligaciones. - Cambra de la propietat urbana de Reus","og_description":"Inf\u00f3rmate de los \u00faltimos criterios establecidos para evaluar si eres gran tenedor, o no. \u00bfQu\u00e9 tratamiento tiene la vivienda propia habitual en el c\u00f3mputo de viviendas? Dudas en los casos: de pisos en proindiviso (m\u00e1s de un propietario) supuestos de usufructo; casos en que el inmueble consta en el Registro de la Propiedad como una [&hellip;]","og_url":"https:\/\/www.cpureus.com\/es\/soy-gran-tenedor-obligaciones\/","og_site_name":"Cambra de la propietat urbana de Reus","article_published_time":"2026-03-05T15:32:41+00:00","og_image":[{"width":800,"height":600,"url":"https:\/\/www.cpureus.com\/wp-content\/uploads\/2026\/03\/2026.03.03.-gran-tenedor-o-no-1.jpg","type":"image\/jpeg"}],"author":"Cambra de la propietat urbana de Reus","twitter_card":"summary_large_image","twitter_misc":{"Escrito por":"Cambra de la propietat urbana de Reus","Tiempo de lectura":"1 minuto"},"schema":{"@context":"https:\/\/schema.org","@graph":[{"@type":"Article","@id":"https:\/\/www.cpureus.com\/es\/soy-gran-tenedor-obligaciones\/#article","isPartOf":{"@id":"https:\/\/www.cpureus.com\/es\/soy-gran-tenedor-obligaciones\/"},"author":{"name":"Cambra de la propietat urbana de Reus","@id":"https:\/\/www.cpureus.com\/#\/schema\/person\/df72106c9fc5fd93275bdda9a5f0832d"},"headline":"\u00bfSoy gran tenedor? Obligaciones.","datePublished":"2026-03-05T15:32:41+00:00","mainEntityOfPage":{"@id":"https:\/\/www.cpureus.com\/es\/soy-gran-tenedor-obligaciones\/"},"wordCount":187,"image":{"@id":"https:\/\/www.cpureus.com\/es\/soy-gran-tenedor-obligaciones\/#primaryimage"},"thumbnailUrl":"https:\/\/www.cpureus.com\/wp-content\/uploads\/2026\/03\/2026.03.03.-gran-tenedor-o-no-1.jpg","articleSection":["Jur\u00eddico"],"inLanguage":"es"},{"@type":"WebPage","@id":"https:\/\/www.cpureus.com\/es\/soy-gran-tenedor-obligaciones\/","url":"https:\/\/www.cpureus.com\/es\/soy-gran-tenedor-obligaciones\/","name":"\u00bfSoy gran tenedor? Obligaciones. - Cambra de la propietat urbana de Reus","isPartOf":{"@id":"https:\/\/www.cpureus.com\/#website"},"primaryImageOfPage":{"@id":"https:\/\/www.cpureus.com\/es\/soy-gran-tenedor-obligaciones\/#primaryimage"},"image":{"@id":"https:\/\/www.cpureus.com\/es\/soy-gran-tenedor-obligaciones\/#primaryimage"},"thumbnailUrl":"https:\/\/www.cpureus.com\/wp-content\/uploads\/2026\/03\/2026.03.03.-gran-tenedor-o-no-1.jpg","datePublished":"2026-03-05T15:32:41+00:00","author":{"@id":"https:\/\/www.cpureus.com\/#\/schema\/person\/df72106c9fc5fd93275bdda9a5f0832d"},"breadcrumb":{"@id":"https:\/\/www.cpureus.com\/es\/soy-gran-tenedor-obligaciones\/#breadcrumb"},"inLanguage":"es","potentialAction":[{"@type":"ReadAction","target":["https:\/\/www.cpureus.com\/es\/soy-gran-tenedor-obligaciones\/"]}]},{"@type":"ImageObject","inLanguage":"es","@id":"https:\/\/www.cpureus.com\/es\/soy-gran-tenedor-obligaciones\/#primaryimage","url":"https:\/\/www.cpureus.com\/wp-content\/uploads\/2026\/03\/2026.03.03.-gran-tenedor-o-no-1.jpg","contentUrl":"https:\/\/www.cpureus.com\/wp-content\/uploads\/2026\/03\/2026.03.03.-gran-tenedor-o-no-1.jpg","width":800,"height":600,"caption":"\u00bfSoy gran tendor, o no?"},{"@type":"BreadcrumbList","@id":"https:\/\/www.cpureus.com\/es\/soy-gran-tenedor-obligaciones\/#breadcrumb","itemListElement":[{"@type":"ListItem","position":1,"name":"Inici","item":"https:\/\/www.cpureus.com\/es\/"},{"@type":"ListItem","position":2,"name":"\u00bfSoy gran tenedor? Obligaciones."}]},{"@type":"WebSite","@id":"https:\/\/www.cpureus.com\/#website","url":"https:\/\/www.cpureus.com\/","name":"Cambra de la propietat urbana de Reus","description":"Cambra de la propietat urbana de Reus","potentialAction":[{"@type":"SearchAction","target":{"@type":"EntryPoint","urlTemplate":"https:\/\/www.cpureus.com\/?s={search_term_string}"},"query-input":{"@type":"PropertyValueSpecification","valueRequired":true,"valueName":"search_term_string"}}],"inLanguage":"es"},{"@type":"Person","@id":"https:\/\/www.cpureus.com\/#\/schema\/person\/df72106c9fc5fd93275bdda9a5f0832d","name":"Cambra de la propietat urbana de Reus","sameAs":["https:\/\/www.cpureus.com"],"url":"https:\/\/www.cpureus.com\/es\/author\/cpurafael\/"}]}},"_links":{"self":[{"href":"https:\/\/www.cpureus.com\/es\/wp-json\/wp\/v2\/posts\/14952","targetHints":{"allow":["GET"]}}],"collection":[{"href":"https:\/\/www.cpureus.com\/es\/wp-json\/wp\/v2\/posts"}],"about":[{"href":"https:\/\/www.cpureus.com\/es\/wp-json\/wp\/v2\/types\/post"}],"author":[{"embeddable":true,"href":"https:\/\/www.cpureus.com\/es\/wp-json\/wp\/v2\/users\/889"}],"replies":[{"embeddable":true,"href":"https:\/\/www.cpureus.com\/es\/wp-json\/wp\/v2\/comments?post=14952"}],"version-history":[{"count":2,"href":"https:\/\/www.cpureus.com\/es\/wp-json\/wp\/v2\/posts\/14952\/revisions"}],"predecessor-version":[{"id":14956,"href":"https:\/\/www.cpureus.com\/es\/wp-json\/wp\/v2\/posts\/14952\/revisions\/14956"}],"wp:featuredmedia":[{"embeddable":true,"href":"https:\/\/www.cpureus.com\/es\/wp-json\/wp\/v2\/media\/14953"}],"wp:attachment":[{"href":"https:\/\/www.cpureus.com\/es\/wp-json\/wp\/v2\/media?parent=14952"}],"wp:term":[{"taxonomy":"category","embeddable":true,"href":"https:\/\/www.cpureus.com\/es\/wp-json\/wp\/v2\/categories?post=14952"},{"taxonomy":"post_tag","embeddable":true,"href":"https:\/\/www.cpureus.com\/es\/wp-json\/wp\/v2\/tags?post=14952"}],"curies":[{"name":"wp","href":"https:\/\/api.w.org\/{rel}","templated":true}]}}