{"id":15007,"date":"2026-04-29T16:10:13","date_gmt":"2026-04-29T14:10:13","guid":{"rendered":"https:\/\/www.cpureus.com\/?p=15007"},"modified":"2026-04-29T16:10:13","modified_gmt":"2026-04-29T14:10:13","slug":"derogado-el-decreto-sobre-prorroga-de-2-anos-de-los-contratos-de-alquiler-y-limitacion-de-la-actualizacion-del-alquiler-al-2-por-100","status":"publish","type":"post","link":"https:\/\/www.cpureus.com\/es\/derogado-el-decreto-sobre-prorroga-de-2-anos-de-los-contratos-de-alquiler-y-limitacion-de-la-actualizacion-del-alquiler-al-2-por-100\/","title":{"rendered":"Derogado el Decreto sobre pr\u00f3rroga de 2 a\u00f1os de los contratos de alquiler y limitaci\u00f3n de la actualizaci\u00f3n del alquiler al 2 por 100."},"content":{"rendered":"<p><span style=\"font-size: 18pt;color: #800000\"><strong><span style=\"font-family: helvetica, arial, sans-serif\">El Pleno del Congreso de ayer no convalid\u00f3 el R. Decreto-ley 8\/2026, relativo a la pr\u00f3rroga de los contratos de alquiler de vivienda y a la limitaci\u00f3n de la actualizaci\u00f3n de la renta al 2%. \u00a0<\/span><\/strong><\/span><\/p>\n<hr \/>\n<p><span style=\"font-family: helvetica, arial, sans-serif;color: #000000;font-size: 14pt\">De acuerdo con la Constituci\u00f3n los Reales decretos tienen car\u00e1cter provisional y han de ser sometidos a votaci\u00f3n en el Congreso de los Diputados. <\/span><\/p>\n<p><span style=\"font-family: helvetica, arial, sans-serif;color: #000000;font-size: 14pt\">La <strong>no convalidaci\u00f3n<\/strong> implica su <strong>derogaci\u00f3n autom\u00e1tica<\/strong>, con efectos <em>\u201cex nunc\u201d<\/em> (hacia el futuro), desde el mismo momento de la votaci\u00f3n parlamentaria.<\/span><\/p>\n<p><span style=\"font-family: helvetica, arial, sans-serif;color: #000000;font-size: 14pt\">En consecuencia, la norma ha dejado de producir efectos desde el 28 de abril de 2026, sin necesidad de una disposici\u00f3n adicional para su p\u00e9rdida de vigencia.<\/span><\/p>\n<hr \/>\n<div class='et-box et-info'>\n\t\t\t\t\t<div class='et-box-content'><span style=\"font-family: helvetica, arial, sans-serif;font-size: 14pt;color: #000000\">Si tienes dudas de interpretaci\u00f3n para tu caso concreto, el Servicio Jur\u00eddico de la C\u00e1mara, mediante su <span style=\"color: #800000\">Despacho Jur\u00eddico especializado URBS<\/span>, te podr\u00e1 asesorar con toda fiabilidad<\/span>.<\/div><\/div>\n","protected":false},"excerpt":{"rendered":"<p>El Pleno del Congreso de ayer no convalid\u00f3 el R. Decreto-ley 8\/2026, relativo a la pr\u00f3rroga de los contratos de alquiler de vivienda y a la limitaci\u00f3n de la actualizaci\u00f3n de la renta al 2%. \u00a0 De acuerdo con la Constituci\u00f3n los Reales decretos tienen car\u00e1cter provisional y han de ser sometidos a votaci\u00f3n en [&hellip;]<\/p>\n","protected":false},"author":889,"featured_media":15008,"comment_status":"closed","ping_status":"closed","sticky":false,"template":"","format":"standard","meta":{"_et_pb_use_builder":"","_et_pb_old_content":"","_et_gb_content_width":"","_joinchat":[],"footnotes":""},"categories":[12],"tags":[],"class_list":["post-15007","post","type-post","status-publish","format-standard","has-post-thumbnail","hentry","category-juridico"],"yoast_head":"<!-- This site is optimized with the Yoast SEO plugin v27.1.1 - https:\/\/yoast.com\/product\/yoast-seo-wordpress\/ -->\n<title>Derogado el Decreto sobre pr\u00f3rroga de 2 a\u00f1os de los contratos de alquiler y limitaci\u00f3n de la actualizaci\u00f3n del alquiler al 2 por 100. - Cambra de la propietat urbana de Reus<\/title>\n<meta name=\"robots\" content=\"index, follow, max-snippet:-1, max-image-preview:large, max-video-preview:-1\" \/>\n<link rel=\"canonical\" href=\"https:\/\/www.cpureus.com\/es\/derogado-el-decreto-sobre-prorroga-de-2-anos-de-los-contratos-de-alquiler-y-limitacion-de-la-actualizacion-del-alquiler-al-2-por-100\/\" \/>\n<meta property=\"og:locale\" content=\"es_ES\" \/>\n<meta property=\"og:type\" content=\"article\" \/>\n<meta property=\"og:title\" content=\"Derogado el Decreto sobre pr\u00f3rroga de 2 a\u00f1os de los contratos de alquiler y limitaci\u00f3n de la actualizaci\u00f3n del alquiler al 2 por 100. - Cambra de la propietat urbana de Reus\" \/>\n<meta property=\"og:description\" content=\"El Pleno del Congreso de ayer no convalid\u00f3 el R. Decreto-ley 8\/2026, relativo a la pr\u00f3rroga de los contratos de alquiler de vivienda y a la limitaci\u00f3n de la actualizaci\u00f3n de la renta al 2%. \u00a0 De acuerdo con la Constituci\u00f3n los Reales decretos tienen car\u00e1cter provisional y han de ser sometidos a votaci\u00f3n en [&hellip;]\" \/>\n<meta property=\"og:url\" content=\"https:\/\/www.cpureus.com\/es\/derogado-el-decreto-sobre-prorroga-de-2-anos-de-los-contratos-de-alquiler-y-limitacion-de-la-actualizacion-del-alquiler-al-2-por-100\/\" \/>\n<meta property=\"og:site_name\" content=\"Cambra de la propietat urbana de Reus\" \/>\n<meta property=\"article:published_time\" content=\"2026-04-29T14:10:13+00:00\" \/>\n<meta property=\"og:image\" content=\"https:\/\/www.cpureus.com\/wp-content\/uploads\/2026\/04\/2026.04.28.-derogacion-Decreto-prorroga-alquileres-1.jpg\" \/>\n\t<meta property=\"og:image:width\" content=\"800\" \/>\n\t<meta property=\"og:image:height\" content=\"600\" \/>\n\t<meta property=\"og:image:type\" content=\"image\/jpeg\" \/>\n<meta name=\"author\" content=\"Cambra de la propietat urbana de Reus\" \/>\n<meta name=\"twitter:card\" content=\"summary_large_image\" \/>\n<meta name=\"twitter:label1\" content=\"Escrito por\" \/>\n\t<meta name=\"twitter:data1\" content=\"Cambra de la propietat urbana de Reus\" \/>\n\t<meta name=\"twitter:label2\" content=\"Tiempo de lectura\" \/>\n\t<meta name=\"twitter:data2\" content=\"1 minuto\" \/>\n<script type=\"application\/ld+json\" class=\"yoast-schema-graph\">{\"@context\":\"https:\/\/schema.org\",\"@graph\":[{\"@type\":\"Article\",\"@id\":\"https:\/\/www.cpureus.com\/es\/derogado-el-decreto-sobre-prorroga-de-2-anos-de-los-contratos-de-alquiler-y-limitacion-de-la-actualizacion-del-alquiler-al-2-por-100\/#article\",\"isPartOf\":{\"@id\":\"https:\/\/www.cpureus.com\/es\/derogado-el-decreto-sobre-prorroga-de-2-anos-de-los-contratos-de-alquiler-y-limitacion-de-la-actualizacion-del-alquiler-al-2-por-100\/\"},\"author\":{\"name\":\"Cambra de la propietat urbana de Reus\",\"@id\":\"https:\/\/www.cpureus.com\/#\/schema\/person\/df72106c9fc5fd93275bdda9a5f0832d\"},\"headline\":\"Derogado el Decreto sobre pr\u00f3rroga de 2 a\u00f1os de los contratos de alquiler y limitaci\u00f3n de la actualizaci\u00f3n del alquiler al 2 por 100.\",\"datePublished\":\"2026-04-29T14:10:13+00:00\",\"mainEntityOfPage\":{\"@id\":\"https:\/\/www.cpureus.com\/es\/derogado-el-decreto-sobre-prorroga-de-2-anos-de-los-contratos-de-alquiler-y-limitacion-de-la-actualizacion-del-alquiler-al-2-por-100\/\"},\"wordCount\":176,\"image\":{\"@id\":\"https:\/\/www.cpureus.com\/es\/derogado-el-decreto-sobre-prorroga-de-2-anos-de-los-contratos-de-alquiler-y-limitacion-de-la-actualizacion-del-alquiler-al-2-por-100\/#primaryimage\"},\"thumbnailUrl\":\"https:\/\/www.cpureus.com\/wp-content\/uploads\/2026\/04\/2026.04.28.-derogacion-Decreto-prorroga-alquileres-1.jpg\",\"articleSection\":[\"Jur\u00eddico\"],\"inLanguage\":\"es\"},{\"@type\":\"WebPage\",\"@id\":\"https:\/\/www.cpureus.com\/es\/derogado-el-decreto-sobre-prorroga-de-2-anos-de-los-contratos-de-alquiler-y-limitacion-de-la-actualizacion-del-alquiler-al-2-por-100\/\",\"url\":\"https:\/\/www.cpureus.com\/es\/derogado-el-decreto-sobre-prorroga-de-2-anos-de-los-contratos-de-alquiler-y-limitacion-de-la-actualizacion-del-alquiler-al-2-por-100\/\",\"name\":\"Derogado el Decreto sobre pr\u00f3rroga de 2 a\u00f1os de los contratos de alquiler y limitaci\u00f3n de la actualizaci\u00f3n del alquiler al 2 por 100. - Cambra de la propietat urbana de Reus\",\"isPartOf\":{\"@id\":\"https:\/\/www.cpureus.com\/#website\"},\"primaryImageOfPage\":{\"@id\":\"https:\/\/www.cpureus.com\/es\/derogado-el-decreto-sobre-prorroga-de-2-anos-de-los-contratos-de-alquiler-y-limitacion-de-la-actualizacion-del-alquiler-al-2-por-100\/#primaryimage\"},\"image\":{\"@id\":\"https:\/\/www.cpureus.com\/es\/derogado-el-decreto-sobre-prorroga-de-2-anos-de-los-contratos-de-alquiler-y-limitacion-de-la-actualizacion-del-alquiler-al-2-por-100\/#primaryimage\"},\"thumbnailUrl\":\"https:\/\/www.cpureus.com\/wp-content\/uploads\/2026\/04\/2026.04.28.-derogacion-Decreto-prorroga-alquileres-1.jpg\",\"datePublished\":\"2026-04-29T14:10:13+00:00\",\"author\":{\"@id\":\"https:\/\/www.cpureus.com\/#\/schema\/person\/df72106c9fc5fd93275bdda9a5f0832d\"},\"breadcrumb\":{\"@id\":\"https:\/\/www.cpureus.com\/es\/derogado-el-decreto-sobre-prorroga-de-2-anos-de-los-contratos-de-alquiler-y-limitacion-de-la-actualizacion-del-alquiler-al-2-por-100\/#breadcrumb\"},\"inLanguage\":\"es\",\"potentialAction\":[{\"@type\":\"ReadAction\",\"target\":[\"https:\/\/www.cpureus.com\/es\/derogado-el-decreto-sobre-prorroga-de-2-anos-de-los-contratos-de-alquiler-y-limitacion-de-la-actualizacion-del-alquiler-al-2-por-100\/\"]}]},{\"@type\":\"ImageObject\",\"inLanguage\":\"es\",\"@id\":\"https:\/\/www.cpureus.com\/es\/derogado-el-decreto-sobre-prorroga-de-2-anos-de-los-contratos-de-alquiler-y-limitacion-de-la-actualizacion-del-alquiler-al-2-por-100\/#primaryimage\",\"url\":\"https:\/\/www.cpureus.com\/wp-content\/uploads\/2026\/04\/2026.04.28.-derogacion-Decreto-prorroga-alquileres-1.jpg\",\"contentUrl\":\"https:\/\/www.cpureus.com\/wp-content\/uploads\/2026\/04\/2026.04.28.-derogacion-Decreto-prorroga-alquileres-1.jpg\",\"width\":800,\"height\":600,\"caption\":\"Derogaci\u00f3n pr\u00f3rroga 2 a\u00f1os contratos alquiler\"},{\"@type\":\"BreadcrumbList\",\"@id\":\"https:\/\/www.cpureus.com\/es\/derogado-el-decreto-sobre-prorroga-de-2-anos-de-los-contratos-de-alquiler-y-limitacion-de-la-actualizacion-del-alquiler-al-2-por-100\/#breadcrumb\",\"itemListElement\":[{\"@type\":\"ListItem\",\"position\":1,\"name\":\"Inici\",\"item\":\"https:\/\/www.cpureus.com\/es\/\"},{\"@type\":\"ListItem\",\"position\":2,\"name\":\"Derogado el Decreto sobre pr\u00f3rroga de 2 a\u00f1os de los contratos de alquiler y limitaci\u00f3n de la actualizaci\u00f3n del alquiler al 2 por 100.\"}]},{\"@type\":\"WebSite\",\"@id\":\"https:\/\/www.cpureus.com\/#website\",\"url\":\"https:\/\/www.cpureus.com\/\",\"name\":\"Cambra de la propietat urbana de Reus\",\"description\":\"Cambra de la propietat urbana de Reus\",\"potentialAction\":[{\"@type\":\"SearchAction\",\"target\":{\"@type\":\"EntryPoint\",\"urlTemplate\":\"https:\/\/www.cpureus.com\/?s={search_term_string}\"},\"query-input\":{\"@type\":\"PropertyValueSpecification\",\"valueRequired\":true,\"valueName\":\"search_term_string\"}}],\"inLanguage\":\"es\"},{\"@type\":\"Person\",\"@id\":\"https:\/\/www.cpureus.com\/#\/schema\/person\/df72106c9fc5fd93275bdda9a5f0832d\",\"name\":\"Cambra de la propietat urbana de Reus\",\"sameAs\":[\"https:\/\/www.cpureus.com\"],\"url\":\"https:\/\/www.cpureus.com\/es\/author\/cpurafael\/\"}]}<\/script>\n<!-- \/ Yoast SEO plugin. -->","yoast_head_json":{"title":"Derogado el Decreto sobre pr\u00f3rroga de 2 a\u00f1os de los contratos de alquiler y limitaci\u00f3n de la actualizaci\u00f3n del alquiler al 2 por 100. - Cambra de la propietat urbana de Reus","robots":{"index":"index","follow":"follow","max-snippet":"max-snippet:-1","max-image-preview":"max-image-preview:large","max-video-preview":"max-video-preview:-1"},"canonical":"https:\/\/www.cpureus.com\/es\/derogado-el-decreto-sobre-prorroga-de-2-anos-de-los-contratos-de-alquiler-y-limitacion-de-la-actualizacion-del-alquiler-al-2-por-100\/","og_locale":"es_ES","og_type":"article","og_title":"Derogado el Decreto sobre pr\u00f3rroga de 2 a\u00f1os de los contratos de alquiler y limitaci\u00f3n de la actualizaci\u00f3n del alquiler al 2 por 100. - Cambra de la propietat urbana de Reus","og_description":"El Pleno del Congreso de ayer no convalid\u00f3 el R. Decreto-ley 8\/2026, relativo a la pr\u00f3rroga de los contratos de alquiler de vivienda y a la limitaci\u00f3n de la actualizaci\u00f3n de la renta al 2%. \u00a0 De acuerdo con la Constituci\u00f3n los Reales decretos tienen car\u00e1cter provisional y han de ser sometidos a votaci\u00f3n en [&hellip;]","og_url":"https:\/\/www.cpureus.com\/es\/derogado-el-decreto-sobre-prorroga-de-2-anos-de-los-contratos-de-alquiler-y-limitacion-de-la-actualizacion-del-alquiler-al-2-por-100\/","og_site_name":"Cambra de la propietat urbana de Reus","article_published_time":"2026-04-29T14:10:13+00:00","og_image":[{"width":800,"height":600,"url":"https:\/\/www.cpureus.com\/wp-content\/uploads\/2026\/04\/2026.04.28.-derogacion-Decreto-prorroga-alquileres-1.jpg","type":"image\/jpeg"}],"author":"Cambra de la propietat urbana de Reus","twitter_card":"summary_large_image","twitter_misc":{"Escrito por":"Cambra de la propietat urbana de Reus","Tiempo de lectura":"1 minuto"},"schema":{"@context":"https:\/\/schema.org","@graph":[{"@type":"Article","@id":"https:\/\/www.cpureus.com\/es\/derogado-el-decreto-sobre-prorroga-de-2-anos-de-los-contratos-de-alquiler-y-limitacion-de-la-actualizacion-del-alquiler-al-2-por-100\/#article","isPartOf":{"@id":"https:\/\/www.cpureus.com\/es\/derogado-el-decreto-sobre-prorroga-de-2-anos-de-los-contratos-de-alquiler-y-limitacion-de-la-actualizacion-del-alquiler-al-2-por-100\/"},"author":{"name":"Cambra de la propietat urbana de Reus","@id":"https:\/\/www.cpureus.com\/#\/schema\/person\/df72106c9fc5fd93275bdda9a5f0832d"},"headline":"Derogado el Decreto sobre pr\u00f3rroga de 2 a\u00f1os de los contratos de alquiler y limitaci\u00f3n de la actualizaci\u00f3n del alquiler al 2 por 100.","datePublished":"2026-04-29T14:10:13+00:00","mainEntityOfPage":{"@id":"https:\/\/www.cpureus.com\/es\/derogado-el-decreto-sobre-prorroga-de-2-anos-de-los-contratos-de-alquiler-y-limitacion-de-la-actualizacion-del-alquiler-al-2-por-100\/"},"wordCount":176,"image":{"@id":"https:\/\/www.cpureus.com\/es\/derogado-el-decreto-sobre-prorroga-de-2-anos-de-los-contratos-de-alquiler-y-limitacion-de-la-actualizacion-del-alquiler-al-2-por-100\/#primaryimage"},"thumbnailUrl":"https:\/\/www.cpureus.com\/wp-content\/uploads\/2026\/04\/2026.04.28.-derogacion-Decreto-prorroga-alquileres-1.jpg","articleSection":["Jur\u00eddico"],"inLanguage":"es"},{"@type":"WebPage","@id":"https:\/\/www.cpureus.com\/es\/derogado-el-decreto-sobre-prorroga-de-2-anos-de-los-contratos-de-alquiler-y-limitacion-de-la-actualizacion-del-alquiler-al-2-por-100\/","url":"https:\/\/www.cpureus.com\/es\/derogado-el-decreto-sobre-prorroga-de-2-anos-de-los-contratos-de-alquiler-y-limitacion-de-la-actualizacion-del-alquiler-al-2-por-100\/","name":"Derogado el Decreto sobre pr\u00f3rroga de 2 a\u00f1os de los contratos de alquiler y limitaci\u00f3n de la actualizaci\u00f3n del alquiler al 2 por 100. - Cambra de la propietat urbana de Reus","isPartOf":{"@id":"https:\/\/www.cpureus.com\/#website"},"primaryImageOfPage":{"@id":"https:\/\/www.cpureus.com\/es\/derogado-el-decreto-sobre-prorroga-de-2-anos-de-los-contratos-de-alquiler-y-limitacion-de-la-actualizacion-del-alquiler-al-2-por-100\/#primaryimage"},"image":{"@id":"https:\/\/www.cpureus.com\/es\/derogado-el-decreto-sobre-prorroga-de-2-anos-de-los-contratos-de-alquiler-y-limitacion-de-la-actualizacion-del-alquiler-al-2-por-100\/#primaryimage"},"thumbnailUrl":"https:\/\/www.cpureus.com\/wp-content\/uploads\/2026\/04\/2026.04.28.-derogacion-Decreto-prorroga-alquileres-1.jpg","datePublished":"2026-04-29T14:10:13+00:00","author":{"@id":"https:\/\/www.cpureus.com\/#\/schema\/person\/df72106c9fc5fd93275bdda9a5f0832d"},"breadcrumb":{"@id":"https:\/\/www.cpureus.com\/es\/derogado-el-decreto-sobre-prorroga-de-2-anos-de-los-contratos-de-alquiler-y-limitacion-de-la-actualizacion-del-alquiler-al-2-por-100\/#breadcrumb"},"inLanguage":"es","potentialAction":[{"@type":"ReadAction","target":["https:\/\/www.cpureus.com\/es\/derogado-el-decreto-sobre-prorroga-de-2-anos-de-los-contratos-de-alquiler-y-limitacion-de-la-actualizacion-del-alquiler-al-2-por-100\/"]}]},{"@type":"ImageObject","inLanguage":"es","@id":"https:\/\/www.cpureus.com\/es\/derogado-el-decreto-sobre-prorroga-de-2-anos-de-los-contratos-de-alquiler-y-limitacion-de-la-actualizacion-del-alquiler-al-2-por-100\/#primaryimage","url":"https:\/\/www.cpureus.com\/wp-content\/uploads\/2026\/04\/2026.04.28.-derogacion-Decreto-prorroga-alquileres-1.jpg","contentUrl":"https:\/\/www.cpureus.com\/wp-content\/uploads\/2026\/04\/2026.04.28.-derogacion-Decreto-prorroga-alquileres-1.jpg","width":800,"height":600,"caption":"Derogaci\u00f3n pr\u00f3rroga 2 a\u00f1os contratos alquiler"},{"@type":"BreadcrumbList","@id":"https:\/\/www.cpureus.com\/es\/derogado-el-decreto-sobre-prorroga-de-2-anos-de-los-contratos-de-alquiler-y-limitacion-de-la-actualizacion-del-alquiler-al-2-por-100\/#breadcrumb","itemListElement":[{"@type":"ListItem","position":1,"name":"Inici","item":"https:\/\/www.cpureus.com\/es\/"},{"@type":"ListItem","position":2,"name":"Derogado el Decreto sobre pr\u00f3rroga de 2 a\u00f1os de los contratos de alquiler y limitaci\u00f3n de la actualizaci\u00f3n del alquiler al 2 por 100."}]},{"@type":"WebSite","@id":"https:\/\/www.cpureus.com\/#website","url":"https:\/\/www.cpureus.com\/","name":"Cambra de la propietat urbana de Reus","description":"Cambra de la propietat urbana de Reus","potentialAction":[{"@type":"SearchAction","target":{"@type":"EntryPoint","urlTemplate":"https:\/\/www.cpureus.com\/?s={search_term_string}"},"query-input":{"@type":"PropertyValueSpecification","valueRequired":true,"valueName":"search_term_string"}}],"inLanguage":"es"},{"@type":"Person","@id":"https:\/\/www.cpureus.com\/#\/schema\/person\/df72106c9fc5fd93275bdda9a5f0832d","name":"Cambra de la propietat urbana de Reus","sameAs":["https:\/\/www.cpureus.com"],"url":"https:\/\/www.cpureus.com\/es\/author\/cpurafael\/"}]}},"_links":{"self":[{"href":"https:\/\/www.cpureus.com\/es\/wp-json\/wp\/v2\/posts\/15007","targetHints":{"allow":["GET"]}}],"collection":[{"href":"https:\/\/www.cpureus.com\/es\/wp-json\/wp\/v2\/posts"}],"about":[{"href":"https:\/\/www.cpureus.com\/es\/wp-json\/wp\/v2\/types\/post"}],"author":[{"embeddable":true,"href":"https:\/\/www.cpureus.com\/es\/wp-json\/wp\/v2\/users\/889"}],"replies":[{"embeddable":true,"href":"https:\/\/www.cpureus.com\/es\/wp-json\/wp\/v2\/comments?post=15007"}],"version-history":[{"count":2,"href":"https:\/\/www.cpureus.com\/es\/wp-json\/wp\/v2\/posts\/15007\/revisions"}],"predecessor-version":[{"id":15011,"href":"https:\/\/www.cpureus.com\/es\/wp-json\/wp\/v2\/posts\/15007\/revisions\/15011"}],"wp:featuredmedia":[{"embeddable":true,"href":"https:\/\/www.cpureus.com\/es\/wp-json\/wp\/v2\/media\/15008"}],"wp:attachment":[{"href":"https:\/\/www.cpureus.com\/es\/wp-json\/wp\/v2\/media?parent=15007"}],"wp:term":[{"taxonomy":"category","embeddable":true,"href":"https:\/\/www.cpureus.com\/es\/wp-json\/wp\/v2\/categories?post=15007"},{"taxonomy":"post_tag","embeddable":true,"href":"https:\/\/www.cpureus.com\/es\/wp-json\/wp\/v2\/tags?post=15007"}],"curies":[{"name":"wp","href":"https:\/\/api.w.org\/{rel}","templated":true}]}}