{"id":6545,"date":"2020-02-20T15:38:04","date_gmt":"2020-02-20T14:38:04","guid":{"rendered":"https:\/\/cpureus.com\/?p=6545"},"modified":"2021-07-14T10:27:14","modified_gmt":"2021-07-14T10:27:14","slug":"alquiler-de-la-azotea-de-la-comunidad-de-propietarios","status":"publish","type":"post","link":"https:\/\/www.cpureus.com\/es\/alquiler-de-la-azotea-de-la-comunidad-de-propietarios\/","title":{"rendered":"Alquiler de la azotea de la Comunidad de Propietarios."},"content":{"rendered":"<h3><span style=\"font-family: Arial, Helvetica, sans-serif; font-size: 14pt;\">Cada copropietario tributa por IRPF aunque renuncie al cobro.<\/span><\/h3>\n<hr \/>\n<p><span style=\"font-family: Arial, Helvetica, sans-serif; font-size: 12pt;\">La Comunidad de Propietarios arrend\u00f3 una parte de la azotea a una compa\u00f1\u00eda de telefon\u00eda.<\/span><\/p>\n<p><span style=\"font-family: Arial, Helvetica, sans-serif; font-size: 12pt;\">El alquiler recibido por la Comunidad debe <strong>imputarse<\/strong> a cada uno de los comuneros en proporci\u00f3n a su <strong>coeficiente<\/strong> de participaci\u00f3n y <strong>tributa<\/strong> en su respectiva declaraci\u00f3n del <strong>IRPF<\/strong> como rendimiento del capital inmobiliario.<\/span><\/p>\n<hr \/>\n<p><span style=\"color: #800000;\"><strong><span style=\"font-family: Arial, Helvetica, sans-serif; font-size: 12pt;\">Y \u00bfqu\u00e9 sucede si uno de dichos comuneros decide renunciar a percibir su parte?<\/span><\/strong><\/span><\/p>\n<p><span style=\"font-family: Arial, Helvetica, sans-serif; font-size: 12pt;\">La Direcci\u00f3n General de Tributos, en una consulta vinculante, establece que dicha <strong>renuncia<\/strong> no tiene ning\u00fan efecto en la declaraci\u00f3n de la Renta (IRPF) y <strong>deber\u00e1 tributar aunque no perciba ninguna cantidad<\/strong>.<\/span><\/p>\n<hr \/>\n<h4><span style=\"font-family: Arial, Helvetica, sans-serif; font-size: 12pt;\">Es una informaci\u00f3n elaborada por los<a href=\"https:\/\/cpureus.com\/es\/fiscal-2\/\" target=\"_blank\" rel=\"noopener noreferrer\"><span style=\"color: #ff0000;\"> Servicios Fiscales<\/span><\/a> y el <a href=\"https:\/\/cpureus.com\/es\/gestion-comunidades\/\" target=\"_blank\" rel=\"noopener noreferrer\"><span style=\"color: #ff0000;\">Departamento de Comunidades de Propietarios<\/span><\/a> de la C\u00e1mara de la Propiedad Urbana de Reus.<\/span><\/h4>\n<h4><span style=\"font-family: Arial, Helvetica, sans-serif; font-size: 12pt;\">Si te interesa <span style=\"color: #0000ff;\">el <a href=\"https:\/\/petete.minhafp.gob.es\/consultas\/?num_consulta=V3435-19\" target=\"_blank\" rel=\"noopener noreferrer\">contenido de la Consulta Vinculante de la Direcci\u00f3n General de Tributos V3435-2019, clica aqu\u00ed.<\/a><\/span><\/span><\/h4>\n<hr \/>\n<h6><span style=\"font-family: Arial, Helvetica, sans-serif; font-size: 12pt;\">Fuente: Ministerio de Hacienda. Direcci\u00f3n General de Tributos. Consulta Vinculante V3435, de13 de diciembre de 2019.<\/span><\/h6>\n","protected":false},"excerpt":{"rendered":"<p>Cada copropietario tributa por IRPF aunque renuncie al cobro.<\/p>\n","protected":false},"author":3,"featured_media":6547,"comment_status":"closed","ping_status":"closed","sticky":false,"template":"","format":"standard","meta":{"_et_pb_use_builder":"","_et_pb_old_content":"","_et_gb_content_width":"","_joinchat":[],"footnotes":""},"categories":[20,13],"tags":[],"class_list":["post-6545","post","type-post","status-publish","format-standard","has-post-thumbnail","hentry","category-comunidades","category-fiscal"],"yoast_head":"<!-- This site is optimized with the Yoast SEO plugin v27.1.1 - https:\/\/yoast.com\/product\/yoast-seo-wordpress\/ -->\n<title>Alquiler azotea comunidad propietarios tributa por IRPF | c\u00e1mara reus<\/title>\n<meta name=\"description\" content=\"alquiler azotea comunidad cada copropietario tributa por IRPF aunque renuncie al cobro. camara propiedad urbana reus\" \/>\n<meta name=\"robots\" content=\"index, follow, max-snippet:-1, max-image-preview:large, max-video-preview:-1\" \/>\n<link rel=\"canonical\" href=\"https:\/\/www.cpureus.com\/es\/alquiler-de-la-azotea-de-la-comunidad-de-propietarios\/\" \/>\n<meta property=\"og:locale\" content=\"es_ES\" \/>\n<meta property=\"og:type\" content=\"article\" \/>\n<meta property=\"og:title\" content=\"Alquiler azotea comunidad propietarios tributa por IRPF | c\u00e1mara reus\" \/>\n<meta property=\"og:description\" content=\"alquiler azotea comunidad cada copropietario tributa por IRPF aunque renuncie al cobro. camara propiedad urbana reus\" \/>\n<meta property=\"og:url\" content=\"https:\/\/www.cpureus.com\/es\/alquiler-de-la-azotea-de-la-comunidad-de-propietarios\/\" \/>\n<meta property=\"og:site_name\" content=\"Cambra de la propietat urbana de Reus\" \/>\n<meta property=\"article:published_time\" content=\"2020-02-20T14:38:04+00:00\" \/>\n<meta property=\"article:modified_time\" content=\"2021-07-14T10:27:14+00:00\" \/>\n<meta name=\"author\" content=\"Cambra de la Propietat Urbana de Reus\" \/>\n<meta name=\"twitter:card\" content=\"summary_large_image\" \/>\n<meta name=\"twitter:label1\" content=\"Escrito por\" \/>\n\t<meta name=\"twitter:data1\" content=\"Cambra de la Propietat Urbana de Reus\" \/>\n\t<meta name=\"twitter:label2\" content=\"Tiempo de lectura\" \/>\n\t<meta name=\"twitter:data2\" content=\"1 minuto\" \/>\n<script type=\"application\/ld+json\" class=\"yoast-schema-graph\">{\"@context\":\"https:\/\/schema.org\",\"@graph\":[{\"@type\":\"Article\",\"@id\":\"https:\/\/www.cpureus.com\/es\/alquiler-de-la-azotea-de-la-comunidad-de-propietarios\/#article\",\"isPartOf\":{\"@id\":\"https:\/\/www.cpureus.com\/es\/alquiler-de-la-azotea-de-la-comunidad-de-propietarios\/\"},\"author\":{\"name\":\"Cambra de la Propietat Urbana de Reus\",\"@id\":\"https:\/\/www.cpureus.com\/#\/schema\/person\/f2a79810f1f1ed626355243c0a957f3b\"},\"headline\":\"Alquiler de la azotea de la Comunidad de Propietarios.\",\"datePublished\":\"2020-02-20T14:38:04+00:00\",\"dateModified\":\"2021-07-14T10:27:14+00:00\",\"mainEntityOfPage\":{\"@id\":\"https:\/\/www.cpureus.com\/es\/alquiler-de-la-azotea-de-la-comunidad-de-propietarios\/\"},\"wordCount\":183,\"image\":{\"@id\":\"https:\/\/www.cpureus.com\/es\/alquiler-de-la-azotea-de-la-comunidad-de-propietarios\/#primaryimage\"},\"thumbnailUrl\":\"\",\"articleSection\":[\"Comunidades\",\"Fiscal\"],\"inLanguage\":\"es\"},{\"@type\":\"WebPage\",\"@id\":\"https:\/\/www.cpureus.com\/es\/alquiler-de-la-azotea-de-la-comunidad-de-propietarios\/\",\"url\":\"https:\/\/www.cpureus.com\/es\/alquiler-de-la-azotea-de-la-comunidad-de-propietarios\/\",\"name\":\"Alquiler azotea comunidad propietarios tributa por IRPF | c\u00e1mara reus\",\"isPartOf\":{\"@id\":\"https:\/\/www.cpureus.com\/#website\"},\"primaryImageOfPage\":{\"@id\":\"https:\/\/www.cpureus.com\/es\/alquiler-de-la-azotea-de-la-comunidad-de-propietarios\/#primaryimage\"},\"image\":{\"@id\":\"https:\/\/www.cpureus.com\/es\/alquiler-de-la-azotea-de-la-comunidad-de-propietarios\/#primaryimage\"},\"thumbnailUrl\":\"\",\"datePublished\":\"2020-02-20T14:38:04+00:00\",\"dateModified\":\"2021-07-14T10:27:14+00:00\",\"author\":{\"@id\":\"https:\/\/www.cpureus.com\/#\/schema\/person\/f2a79810f1f1ed626355243c0a957f3b\"},\"description\":\"alquiler azotea comunidad cada copropietario tributa por IRPF aunque renuncie al cobro. camara propiedad urbana reus\",\"breadcrumb\":{\"@id\":\"https:\/\/www.cpureus.com\/es\/alquiler-de-la-azotea-de-la-comunidad-de-propietarios\/#breadcrumb\"},\"inLanguage\":\"es\",\"potentialAction\":[{\"@type\":\"ReadAction\",\"target\":[\"https:\/\/www.cpureus.com\/es\/alquiler-de-la-azotea-de-la-comunidad-de-propietarios\/\"]}]},{\"@type\":\"ImageObject\",\"inLanguage\":\"es\",\"@id\":\"https:\/\/www.cpureus.com\/es\/alquiler-de-la-azotea-de-la-comunidad-de-propietarios\/#primaryimage\",\"url\":\"\",\"contentUrl\":\"\"},{\"@type\":\"BreadcrumbList\",\"@id\":\"https:\/\/www.cpureus.com\/es\/alquiler-de-la-azotea-de-la-comunidad-de-propietarios\/#breadcrumb\",\"itemListElement\":[{\"@type\":\"ListItem\",\"position\":1,\"name\":\"Inici\",\"item\":\"https:\/\/www.cpureus.com\/es\/\"},{\"@type\":\"ListItem\",\"position\":2,\"name\":\"Alquiler de la azotea de la Comunidad de Propietarios.\"}]},{\"@type\":\"WebSite\",\"@id\":\"https:\/\/www.cpureus.com\/#website\",\"url\":\"https:\/\/www.cpureus.com\/\",\"name\":\"Cambra de la propietat urbana de Reus\",\"description\":\"Cambra de la propietat urbana de Reus\",\"potentialAction\":[{\"@type\":\"SearchAction\",\"target\":{\"@type\":\"EntryPoint\",\"urlTemplate\":\"https:\/\/www.cpureus.com\/?s={search_term_string}\"},\"query-input\":{\"@type\":\"PropertyValueSpecification\",\"valueRequired\":true,\"valueName\":\"search_term_string\"}}],\"inLanguage\":\"es\"},{\"@type\":\"Person\",\"@id\":\"https:\/\/www.cpureus.com\/#\/schema\/person\/f2a79810f1f1ed626355243c0a957f3b\",\"name\":\"Cambra de la Propietat Urbana de Reus\",\"url\":\"https:\/\/www.cpureus.com\/es\/author\/blog\/\"}]}<\/script>\n<!-- \/ Yoast SEO plugin. -->","yoast_head_json":{"title":"Alquiler azotea comunidad propietarios tributa por IRPF | c\u00e1mara reus","description":"alquiler azotea comunidad cada copropietario tributa por IRPF aunque renuncie al cobro. camara propiedad urbana reus","robots":{"index":"index","follow":"follow","max-snippet":"max-snippet:-1","max-image-preview":"max-image-preview:large","max-video-preview":"max-video-preview:-1"},"canonical":"https:\/\/www.cpureus.com\/es\/alquiler-de-la-azotea-de-la-comunidad-de-propietarios\/","og_locale":"es_ES","og_type":"article","og_title":"Alquiler azotea comunidad propietarios tributa por IRPF | c\u00e1mara reus","og_description":"alquiler azotea comunidad cada copropietario tributa por IRPF aunque renuncie al cobro. camara propiedad urbana reus","og_url":"https:\/\/www.cpureus.com\/es\/alquiler-de-la-azotea-de-la-comunidad-de-propietarios\/","og_site_name":"Cambra de la propietat urbana de Reus","article_published_time":"2020-02-20T14:38:04+00:00","article_modified_time":"2021-07-14T10:27:14+00:00","author":"Cambra de la Propietat Urbana de Reus","twitter_card":"summary_large_image","twitter_misc":{"Escrito por":"Cambra de la Propietat Urbana de Reus","Tiempo de lectura":"1 minuto"},"schema":{"@context":"https:\/\/schema.org","@graph":[{"@type":"Article","@id":"https:\/\/www.cpureus.com\/es\/alquiler-de-la-azotea-de-la-comunidad-de-propietarios\/#article","isPartOf":{"@id":"https:\/\/www.cpureus.com\/es\/alquiler-de-la-azotea-de-la-comunidad-de-propietarios\/"},"author":{"name":"Cambra de la Propietat Urbana de Reus","@id":"https:\/\/www.cpureus.com\/#\/schema\/person\/f2a79810f1f1ed626355243c0a957f3b"},"headline":"Alquiler de la azotea de la Comunidad de Propietarios.","datePublished":"2020-02-20T14:38:04+00:00","dateModified":"2021-07-14T10:27:14+00:00","mainEntityOfPage":{"@id":"https:\/\/www.cpureus.com\/es\/alquiler-de-la-azotea-de-la-comunidad-de-propietarios\/"},"wordCount":183,"image":{"@id":"https:\/\/www.cpureus.com\/es\/alquiler-de-la-azotea-de-la-comunidad-de-propietarios\/#primaryimage"},"thumbnailUrl":"","articleSection":["Comunidades","Fiscal"],"inLanguage":"es"},{"@type":"WebPage","@id":"https:\/\/www.cpureus.com\/es\/alquiler-de-la-azotea-de-la-comunidad-de-propietarios\/","url":"https:\/\/www.cpureus.com\/es\/alquiler-de-la-azotea-de-la-comunidad-de-propietarios\/","name":"Alquiler azotea comunidad propietarios tributa por IRPF | c\u00e1mara reus","isPartOf":{"@id":"https:\/\/www.cpureus.com\/#website"},"primaryImageOfPage":{"@id":"https:\/\/www.cpureus.com\/es\/alquiler-de-la-azotea-de-la-comunidad-de-propietarios\/#primaryimage"},"image":{"@id":"https:\/\/www.cpureus.com\/es\/alquiler-de-la-azotea-de-la-comunidad-de-propietarios\/#primaryimage"},"thumbnailUrl":"","datePublished":"2020-02-20T14:38:04+00:00","dateModified":"2021-07-14T10:27:14+00:00","author":{"@id":"https:\/\/www.cpureus.com\/#\/schema\/person\/f2a79810f1f1ed626355243c0a957f3b"},"description":"alquiler azotea comunidad cada copropietario tributa por IRPF aunque renuncie al cobro. camara propiedad urbana reus","breadcrumb":{"@id":"https:\/\/www.cpureus.com\/es\/alquiler-de-la-azotea-de-la-comunidad-de-propietarios\/#breadcrumb"},"inLanguage":"es","potentialAction":[{"@type":"ReadAction","target":["https:\/\/www.cpureus.com\/es\/alquiler-de-la-azotea-de-la-comunidad-de-propietarios\/"]}]},{"@type":"ImageObject","inLanguage":"es","@id":"https:\/\/www.cpureus.com\/es\/alquiler-de-la-azotea-de-la-comunidad-de-propietarios\/#primaryimage","url":"","contentUrl":""},{"@type":"BreadcrumbList","@id":"https:\/\/www.cpureus.com\/es\/alquiler-de-la-azotea-de-la-comunidad-de-propietarios\/#breadcrumb","itemListElement":[{"@type":"ListItem","position":1,"name":"Inici","item":"https:\/\/www.cpureus.com\/es\/"},{"@type":"ListItem","position":2,"name":"Alquiler de la azotea de la Comunidad de Propietarios."}]},{"@type":"WebSite","@id":"https:\/\/www.cpureus.com\/#website","url":"https:\/\/www.cpureus.com\/","name":"Cambra de la propietat urbana de Reus","description":"Cambra de la propietat urbana de Reus","potentialAction":[{"@type":"SearchAction","target":{"@type":"EntryPoint","urlTemplate":"https:\/\/www.cpureus.com\/?s={search_term_string}"},"query-input":{"@type":"PropertyValueSpecification","valueRequired":true,"valueName":"search_term_string"}}],"inLanguage":"es"},{"@type":"Person","@id":"https:\/\/www.cpureus.com\/#\/schema\/person\/f2a79810f1f1ed626355243c0a957f3b","name":"Cambra de la Propietat Urbana de Reus","url":"https:\/\/www.cpureus.com\/es\/author\/blog\/"}]}},"_links":{"self":[{"href":"https:\/\/www.cpureus.com\/es\/wp-json\/wp\/v2\/posts\/6545","targetHints":{"allow":["GET"]}}],"collection":[{"href":"https:\/\/www.cpureus.com\/es\/wp-json\/wp\/v2\/posts"}],"about":[{"href":"https:\/\/www.cpureus.com\/es\/wp-json\/wp\/v2\/types\/post"}],"author":[{"embeddable":true,"href":"https:\/\/www.cpureus.com\/es\/wp-json\/wp\/v2\/users\/3"}],"replies":[{"embeddable":true,"href":"https:\/\/www.cpureus.com\/es\/wp-json\/wp\/v2\/comments?post=6545"}],"version-history":[{"count":1,"href":"https:\/\/www.cpureus.com\/es\/wp-json\/wp\/v2\/posts\/6545\/revisions"}],"predecessor-version":[{"id":9829,"href":"https:\/\/www.cpureus.com\/es\/wp-json\/wp\/v2\/posts\/6545\/revisions\/9829"}],"wp:featuredmedia":[{"embeddable":true,"href":"https:\/\/www.cpureus.com\/es\/wp-json\/"}],"wp:attachment":[{"href":"https:\/\/www.cpureus.com\/es\/wp-json\/wp\/v2\/media?parent=6545"}],"wp:term":[{"taxonomy":"category","embeddable":true,"href":"https:\/\/www.cpureus.com\/es\/wp-json\/wp\/v2\/categories?post=6545"},{"taxonomy":"post_tag","embeddable":true,"href":"https:\/\/www.cpureus.com\/es\/wp-json\/wp\/v2\/tags?post=6545"}],"curies":[{"name":"wp","href":"https:\/\/api.w.org\/{rel}","templated":true}]}}