{"id":6570,"date":"2020-03-16T11:06:58","date_gmt":"2020-03-16T10:06:58","guid":{"rendered":"https:\/\/cpureus.com\/?p=6570"},"modified":"2021-07-14T10:26:49","modified_gmt":"2021-07-14T10:26:49","slug":"coronavirus-2","status":"publish","type":"post","link":"https:\/\/www.cpureus.com\/es\/coronavirus-2\/","title":{"rendered":"Coronavirus"},"content":{"rendered":"<h1><strong><span style=\"font-family: Arial, Helvetica, sans-serif; color: #ff0000;\">CERRADO<\/span><\/strong><\/h1>\n<p><span style=\"font-family: Arial, Helvetica, sans-serif; font-size: 14pt;\">Estado de alarma (RD. 463\/2020, de 14 de marzo).<\/span><\/p>\n<p><span style=\"font-family: Arial, Helvetica, sans-serif; font-size: 14pt;\">En cumplimiento de las normas dictadas por las autoridades sanitarias, <span style=\"color: #ff0000;\">las oficinas de la C\u00e1mara permanecer\u00e1n cerradas al p\u00fablico.<\/span><\/span><\/p>\n<hr \/>\n<p><span style=\"font-family: Arial, Helvetica, sans-serif; font-size: 14pt;\">En tanto nos sea posible os atenderemos v\u00eda telef\u00f3nica (977 127 700) o telem\u00e1tica (info@cpureus.com), en horario reducido.<\/span><\/p>\n<hr \/>\n<p><span style=\"font-size: 14pt;\"><strong><span style=\"font-family: Arial, Helvetica, sans-serif; color: #0000ff;\">Fianzas: Los plazos de ingreso han quedado prorrogados mientras est\u00e9 vigente el estado de alarma.\u00a0\u00a0<\/span><\/strong><\/span><\/p>\n","protected":false},"excerpt":{"rendered":"<p>CERRADO<\/p>\n","protected":false},"author":3,"featured_media":6572,"comment_status":"closed","ping_status":"closed","sticky":false,"template":"","format":"standard","meta":{"_et_pb_use_builder":"","_et_pb_old_content":"","_et_gb_content_width":"","_joinchat":[],"footnotes":""},"categories":[9,20],"tags":[],"class_list":["post-6570","post","type-post","status-publish","format-standard","has-post-thumbnail","hentry","category-cambra-de-la-propiedad-urbana-de-reus","category-comunidades"],"yoast_head":"<!-- This site is optimized with the Yoast SEO plugin v27.1.1 - https:\/\/yoast.com\/product\/yoast-seo-wordpress\/ -->\n<title>Coronavirus estado de alarma oficinas cerradas al publico | c\u00e1mara reus<\/title>\n<meta name=\"description\" content=\"Coronavirus estado de alarma oficinas cerradas al publico fianzas quedan prorrogados los plazos de ingreso c\u00e1mara propiedad urbana reus\" \/>\n<meta name=\"robots\" content=\"index, follow, max-snippet:-1, max-image-preview:large, max-video-preview:-1\" \/>\n<link rel=\"canonical\" href=\"https:\/\/www.cpureus.com\/es\/coronavirus-2\/\" \/>\n<meta property=\"og:locale\" content=\"es_ES\" \/>\n<meta property=\"og:type\" content=\"article\" \/>\n<meta property=\"og:title\" content=\"Coronavirus estado de alarma oficinas cerradas al publico | c\u00e1mara reus\" \/>\n<meta property=\"og:description\" content=\"Coronavirus estado de alarma oficinas cerradas al publico fianzas quedan prorrogados los plazos de ingreso c\u00e1mara propiedad urbana reus\" \/>\n<meta property=\"og:url\" content=\"https:\/\/www.cpureus.com\/es\/coronavirus-2\/\" \/>\n<meta property=\"og:site_name\" content=\"Cambra de la propietat urbana de Reus\" \/>\n<meta property=\"article:published_time\" content=\"2020-03-16T10:06:58+00:00\" \/>\n<meta property=\"article:modified_time\" content=\"2021-07-14T10:26:49+00:00\" \/>\n<meta name=\"author\" content=\"Cambra de la Propietat Urbana de Reus\" \/>\n<meta name=\"twitter:card\" content=\"summary_large_image\" \/>\n<meta name=\"twitter:label1\" content=\"Escrito por\" \/>\n\t<meta name=\"twitter:data1\" content=\"Cambra de la Propietat Urbana de Reus\" \/>\n<script type=\"application\/ld+json\" class=\"yoast-schema-graph\">{\"@context\":\"https:\/\/schema.org\",\"@graph\":[{\"@type\":\"Article\",\"@id\":\"https:\/\/www.cpureus.com\/es\/coronavirus-2\/#article\",\"isPartOf\":{\"@id\":\"https:\/\/www.cpureus.com\/es\/coronavirus-2\/\"},\"author\":{\"name\":\"Cambra de la Propietat Urbana de Reus\",\"@id\":\"https:\/\/www.cpureus.com\/#\/schema\/person\/f2a79810f1f1ed626355243c0a957f3b\"},\"headline\":\"Coronavirus\",\"datePublished\":\"2020-03-16T10:06:58+00:00\",\"dateModified\":\"2021-07-14T10:26:49+00:00\",\"mainEntityOfPage\":{\"@id\":\"https:\/\/www.cpureus.com\/es\/coronavirus-2\/\"},\"wordCount\":66,\"image\":{\"@id\":\"https:\/\/www.cpureus.com\/es\/coronavirus-2\/#primaryimage\"},\"thumbnailUrl\":\"\",\"articleSection\":[\"Cambra de la propiedad urbana de Reus\",\"Comunidades\"],\"inLanguage\":\"es\"},{\"@type\":\"WebPage\",\"@id\":\"https:\/\/www.cpureus.com\/es\/coronavirus-2\/\",\"url\":\"https:\/\/www.cpureus.com\/es\/coronavirus-2\/\",\"name\":\"Coronavirus estado de alarma oficinas cerradas al publico | c\u00e1mara reus\",\"isPartOf\":{\"@id\":\"https:\/\/www.cpureus.com\/#website\"},\"primaryImageOfPage\":{\"@id\":\"https:\/\/www.cpureus.com\/es\/coronavirus-2\/#primaryimage\"},\"image\":{\"@id\":\"https:\/\/www.cpureus.com\/es\/coronavirus-2\/#primaryimage\"},\"thumbnailUrl\":\"\",\"datePublished\":\"2020-03-16T10:06:58+00:00\",\"dateModified\":\"2021-07-14T10:26:49+00:00\",\"author\":{\"@id\":\"https:\/\/www.cpureus.com\/#\/schema\/person\/f2a79810f1f1ed626355243c0a957f3b\"},\"description\":\"Coronavirus estado de alarma oficinas cerradas al publico fianzas quedan prorrogados los plazos de ingreso c\u00e1mara propiedad urbana reus\",\"breadcrumb\":{\"@id\":\"https:\/\/www.cpureus.com\/es\/coronavirus-2\/#breadcrumb\"},\"inLanguage\":\"es\",\"potentialAction\":[{\"@type\":\"ReadAction\",\"target\":[\"https:\/\/www.cpureus.com\/es\/coronavirus-2\/\"]}]},{\"@type\":\"ImageObject\",\"inLanguage\":\"es\",\"@id\":\"https:\/\/www.cpureus.com\/es\/coronavirus-2\/#primaryimage\",\"url\":\"\",\"contentUrl\":\"\"},{\"@type\":\"BreadcrumbList\",\"@id\":\"https:\/\/www.cpureus.com\/es\/coronavirus-2\/#breadcrumb\",\"itemListElement\":[{\"@type\":\"ListItem\",\"position\":1,\"name\":\"Inici\",\"item\":\"https:\/\/www.cpureus.com\/es\/\"},{\"@type\":\"ListItem\",\"position\":2,\"name\":\"Coronavirus\"}]},{\"@type\":\"WebSite\",\"@id\":\"https:\/\/www.cpureus.com\/#website\",\"url\":\"https:\/\/www.cpureus.com\/\",\"name\":\"Cambra de la propietat urbana de Reus\",\"description\":\"Cambra de la propietat urbana de Reus\",\"potentialAction\":[{\"@type\":\"SearchAction\",\"target\":{\"@type\":\"EntryPoint\",\"urlTemplate\":\"https:\/\/www.cpureus.com\/?s={search_term_string}\"},\"query-input\":{\"@type\":\"PropertyValueSpecification\",\"valueRequired\":true,\"valueName\":\"search_term_string\"}}],\"inLanguage\":\"es\"},{\"@type\":\"Person\",\"@id\":\"https:\/\/www.cpureus.com\/#\/schema\/person\/f2a79810f1f1ed626355243c0a957f3b\",\"name\":\"Cambra de la Propietat Urbana de Reus\",\"url\":\"https:\/\/www.cpureus.com\/es\/author\/blog\/\"}]}<\/script>\n<!-- \/ Yoast SEO plugin. -->","yoast_head_json":{"title":"Coronavirus estado de alarma oficinas cerradas al publico | c\u00e1mara reus","description":"Coronavirus estado de alarma oficinas cerradas al publico fianzas quedan prorrogados los plazos de ingreso c\u00e1mara propiedad urbana reus","robots":{"index":"index","follow":"follow","max-snippet":"max-snippet:-1","max-image-preview":"max-image-preview:large","max-video-preview":"max-video-preview:-1"},"canonical":"https:\/\/www.cpureus.com\/es\/coronavirus-2\/","og_locale":"es_ES","og_type":"article","og_title":"Coronavirus estado de alarma oficinas cerradas al publico | c\u00e1mara reus","og_description":"Coronavirus estado de alarma oficinas cerradas al publico fianzas quedan prorrogados los plazos de ingreso c\u00e1mara propiedad urbana reus","og_url":"https:\/\/www.cpureus.com\/es\/coronavirus-2\/","og_site_name":"Cambra de la propietat urbana de Reus","article_published_time":"2020-03-16T10:06:58+00:00","article_modified_time":"2021-07-14T10:26:49+00:00","author":"Cambra de la Propietat Urbana de Reus","twitter_card":"summary_large_image","twitter_misc":{"Escrito por":"Cambra de la Propietat Urbana de Reus"},"schema":{"@context":"https:\/\/schema.org","@graph":[{"@type":"Article","@id":"https:\/\/www.cpureus.com\/es\/coronavirus-2\/#article","isPartOf":{"@id":"https:\/\/www.cpureus.com\/es\/coronavirus-2\/"},"author":{"name":"Cambra de la Propietat Urbana de Reus","@id":"https:\/\/www.cpureus.com\/#\/schema\/person\/f2a79810f1f1ed626355243c0a957f3b"},"headline":"Coronavirus","datePublished":"2020-03-16T10:06:58+00:00","dateModified":"2021-07-14T10:26:49+00:00","mainEntityOfPage":{"@id":"https:\/\/www.cpureus.com\/es\/coronavirus-2\/"},"wordCount":66,"image":{"@id":"https:\/\/www.cpureus.com\/es\/coronavirus-2\/#primaryimage"},"thumbnailUrl":"","articleSection":["Cambra de la propiedad urbana de Reus","Comunidades"],"inLanguage":"es"},{"@type":"WebPage","@id":"https:\/\/www.cpureus.com\/es\/coronavirus-2\/","url":"https:\/\/www.cpureus.com\/es\/coronavirus-2\/","name":"Coronavirus estado de alarma oficinas cerradas al publico | c\u00e1mara reus","isPartOf":{"@id":"https:\/\/www.cpureus.com\/#website"},"primaryImageOfPage":{"@id":"https:\/\/www.cpureus.com\/es\/coronavirus-2\/#primaryimage"},"image":{"@id":"https:\/\/www.cpureus.com\/es\/coronavirus-2\/#primaryimage"},"thumbnailUrl":"","datePublished":"2020-03-16T10:06:58+00:00","dateModified":"2021-07-14T10:26:49+00:00","author":{"@id":"https:\/\/www.cpureus.com\/#\/schema\/person\/f2a79810f1f1ed626355243c0a957f3b"},"description":"Coronavirus estado de alarma oficinas cerradas al publico fianzas quedan prorrogados los plazos de ingreso c\u00e1mara propiedad urbana reus","breadcrumb":{"@id":"https:\/\/www.cpureus.com\/es\/coronavirus-2\/#breadcrumb"},"inLanguage":"es","potentialAction":[{"@type":"ReadAction","target":["https:\/\/www.cpureus.com\/es\/coronavirus-2\/"]}]},{"@type":"ImageObject","inLanguage":"es","@id":"https:\/\/www.cpureus.com\/es\/coronavirus-2\/#primaryimage","url":"","contentUrl":""},{"@type":"BreadcrumbList","@id":"https:\/\/www.cpureus.com\/es\/coronavirus-2\/#breadcrumb","itemListElement":[{"@type":"ListItem","position":1,"name":"Inici","item":"https:\/\/www.cpureus.com\/es\/"},{"@type":"ListItem","position":2,"name":"Coronavirus"}]},{"@type":"WebSite","@id":"https:\/\/www.cpureus.com\/#website","url":"https:\/\/www.cpureus.com\/","name":"Cambra de la propietat urbana de Reus","description":"Cambra de la propietat urbana de Reus","potentialAction":[{"@type":"SearchAction","target":{"@type":"EntryPoint","urlTemplate":"https:\/\/www.cpureus.com\/?s={search_term_string}"},"query-input":{"@type":"PropertyValueSpecification","valueRequired":true,"valueName":"search_term_string"}}],"inLanguage":"es"},{"@type":"Person","@id":"https:\/\/www.cpureus.com\/#\/schema\/person\/f2a79810f1f1ed626355243c0a957f3b","name":"Cambra de la Propietat Urbana de Reus","url":"https:\/\/www.cpureus.com\/es\/author\/blog\/"}]}},"_links":{"self":[{"href":"https:\/\/www.cpureus.com\/es\/wp-json\/wp\/v2\/posts\/6570","targetHints":{"allow":["GET"]}}],"collection":[{"href":"https:\/\/www.cpureus.com\/es\/wp-json\/wp\/v2\/posts"}],"about":[{"href":"https:\/\/www.cpureus.com\/es\/wp-json\/wp\/v2\/types\/post"}],"author":[{"embeddable":true,"href":"https:\/\/www.cpureus.com\/es\/wp-json\/wp\/v2\/users\/3"}],"replies":[{"embeddable":true,"href":"https:\/\/www.cpureus.com\/es\/wp-json\/wp\/v2\/comments?post=6570"}],"version-history":[{"count":1,"href":"https:\/\/www.cpureus.com\/es\/wp-json\/wp\/v2\/posts\/6570\/revisions"}],"predecessor-version":[{"id":9827,"href":"https:\/\/www.cpureus.com\/es\/wp-json\/wp\/v2\/posts\/6570\/revisions\/9827"}],"wp:featuredmedia":[{"embeddable":true,"href":"https:\/\/www.cpureus.com\/es\/wp-json\/"}],"wp:attachment":[{"href":"https:\/\/www.cpureus.com\/es\/wp-json\/wp\/v2\/media?parent=6570"}],"wp:term":[{"taxonomy":"category","embeddable":true,"href":"https:\/\/www.cpureus.com\/es\/wp-json\/wp\/v2\/categories?post=6570"},{"taxonomy":"post_tag","embeddable":true,"href":"https:\/\/www.cpureus.com\/es\/wp-json\/wp\/v2\/tags?post=6570"}],"curies":[{"name":"wp","href":"https:\/\/api.w.org\/{rel}","templated":true}]}}